{"id":795,"date":"2023-11-14T08:00:00","date_gmt":"2023-11-14T11:00:00","guid":{"rendered":"https:\/\/www.seescontabilidade.com.br\/blog\/?p=795"},"modified":"2023-11-10T13:24:47","modified_gmt":"2023-11-10T16:24:47","slug":"o-que-e-fator-r","status":"publish","type":"post","link":"https:\/\/www.seescontabilidade.com.br\/blog\/o-que-e-fator-r\/","title":{"rendered":"O que \u00e9 Fator R e como ele pode gerar muita economia para a sua empresa"},"content":{"rendered":"\n<p>O <a href=\"https:\/\/www.gov.br\/pt-br\/servicos\/optar-pelo-simples-nacional\" target=\"_blank\" rel=\"noreferrer noopener\">Simples Nacional<\/a> \u00e9 um regime tribut\u00e1rio simplificado que oferece uma s\u00e9rie de benef\u00edcios fiscais para micro e pequenas empresas. Mas ainda muitos empreendedores desconhecem um elemento fundamental desse regime, o chamado Fator R.<\/p>\n\n\n\n<p>Esse benef\u00edcio tem um grande impacto no valor dos impostos pagos pelas empresas. Para saber mais, continue lendo esse artigo! Vamos te explicar o que \u00e9 Fator R e ainda ensinar voc\u00ea a realizar o c\u00e1lculo para aplic\u00e1-lo na realidade do seu neg\u00f3cio.<\/p>\n\n\n\n<h2 class=\"wp-block-heading\"><strong>O que \u00e9 o Fator R?&nbsp;<\/strong><\/h2>\n\n\n\n<p>Al\u00e9m de todos os benef\u00edcios oferecidos pelo Simples Nacional, como a unifica\u00e7\u00e3o dos impostos em apenas uma guia e a possibilidade de redu\u00e7\u00e3o de carga tribut\u00e1ria em rela\u00e7\u00e3o ao regime normal, como o lucro presumido ou lucro real, existe um benef\u00edcio chamado Fator R, que <strong>pode diminuir consideravelmente o valor dos seus impostos<\/strong>.&nbsp;<\/p>\n\n\n\n<figure class=\"wp-block-image size-large\"><img decoding=\"async\" width=\"1024\" height=\"576\" src=\"https:\/\/www.seescontabilidade.com.br\/blog\/wp-content\/uploads\/2023\/11\/Grafico-negativo-de-economia-1024x576.png\" alt=\"Gr\u00e1fico representando a queda do valor dos impostos devido o Fator R.\" class=\"wp-image-797\" srcset=\"https:\/\/www.seescontabilidade.com.br\/blog\/wp-content\/uploads\/2023\/11\/Grafico-negativo-de-economia-1024x576.png 1024w, https:\/\/www.seescontabilidade.com.br\/blog\/wp-content\/uploads\/2023\/11\/Grafico-negativo-de-economia-300x169.png 300w, https:\/\/www.seescontabilidade.com.br\/blog\/wp-content\/uploads\/2023\/11\/Grafico-negativo-de-economia-768x432.png 768w, https:\/\/www.seescontabilidade.com.br\/blog\/wp-content\/uploads\/2023\/11\/Grafico-negativo-de-economia-1536x864.png 1536w, https:\/\/www.seescontabilidade.com.br\/blog\/wp-content\/uploads\/2023\/11\/Grafico-negativo-de-economia.png 1920w\" sizes=\"(max-width: 1024px) 100vw, 1024px\" \/><figcaption class=\"wp-element-caption\">Diminuir o valor dos impostos.<\/figcaption><\/figure>\n\n\n\n<p>O Fator R \u00e9 um dos elementos que determina a al\u00edquota efetiva de tributa\u00e7\u00e3o das empresas optantes pelo Simples Nacional, que \u00e9 a porcentagem do imposto que a empresa vai pagar sobre o seu faturamento mensal.&nbsp;<\/p>\n\n\n\n<p>O c\u00e1lculo do Fator R \u00e9 feito anualmente e leva em conta <strong>a raz\u00e3o entre a folha de pagamento da empresa e sua receita bruta dos \u00faltimos 12 meses<\/strong>. Empresas que t\u00eam uma folha de pagamento expressiva em rela\u00e7\u00e3o a sua receita bruta tem mais possibilidade de desfrutar desse benef\u00edcio.<\/p>\n\n\n\n<p>Al\u00e9m de considerar a folha de pagamento, as atividades que a empresa exerce tamb\u00e9m s\u00e3o determinantes para ter direito ao Fator R.<\/p>\n\n\n\n<h2 class=\"wp-block-heading\"><strong>Quais atividades t\u00eam direito ao Fator R?<\/strong><\/h2>\n\n\n\n<p>Atualmente, 5 anexos comp\u00f5em o Simples Nacional, sendo o anexo I para com\u00e9rcio, o anexo II para ind\u00fastria e do <a href=\"https:\/\/www.seescontabilidade.com.br\/blog\/anexo-lll-anexo-v-do-simples-nacional-entenda-a-diferenca\/\" target=\"_blank\" rel=\"noreferrer noopener\">III ao V<\/a> para empresas prestadoras de servi\u00e7os.<\/p>\n\n\n\n<p>Esse benef\u00edcio tem rela\u00e7\u00e3o com as empresas que prestam <strong>atividades econ\u00f4micas do anexo V<\/strong>, onde a al\u00edquota do imposto parte de 15,5%. \u00c9 por meio do c\u00e1lculo do Fator R que \u00e9 definido se essas atividades podem ser tributadas pelo anexo III onde a al\u00edquota parte de 6%.<\/p>\n\n\n\n<p>As atividades que pertencem ao anexo V s\u00e3o consideradas intelectuais, que exigem racioc\u00ednio l\u00f3gico, discernimento, elabora\u00e7\u00e3o aritm\u00e9tica ou financeira, compreens\u00e3o de textos, reda\u00e7\u00e3o, linguagem fluente, entre outros.&nbsp;<\/p>\n\n\n\n<p>A seguir listamos algumas delas:<\/p>\n\n\n\n<ul>\n<li>Representa\u00e7\u00e3o comercial e demais atividades de intermedia\u00e7\u00e3o de neg\u00f3cios e servi\u00e7os de terceiros;<\/li>\n\n\n\n<li>Desenvolvimento de programas de computador sob encomenda;<\/li>\n\n\n\n<li>Consultoria em tecnologia da informa\u00e7\u00e3o;<\/li>\n\n\n\n<li>Psicologia, psican\u00e1lise, terapia ocupacional, acupuntura, podologia;<\/li>\n\n\n\n<li>Odontologia e pr\u00f3tese dent\u00e1ria;<\/li>\n\n\n\n<li>Medicina, inclusive laboratorial e enfermagem;<\/li>\n\n\n\n<li>Fisioterapia;<\/li>\n\n\n\n<li>Design de interiores;<\/li>\n\n\n\n<li><a href=\"https:\/\/www.youtube.com\/watch?v=A__NwRje0IQ\" target=\"_blank\" rel=\"noreferrer noopener\">Arquitetura<\/a> e urbanismo;<\/li>\n\n\n\n<li>Servi\u00e7os de engenharia;<\/li>\n\n\n\n<li>Servi\u00e7os de tradu\u00e7\u00e3o, interpreta\u00e7\u00e3o e similares.<\/li>\n<\/ul>\n\n\n\n<p>Caso a atividade da sua empresa n\u00e3o esteja listada acima, entre em contato com a <a href=\"https:\/\/api.whatsapp.com\/send?phone=554796575851&amp;text=Ol%C3%A1%21+Entrei+no+Instagram+da+Sees+Contabilidade+Online+e+gostaria+de+mais+informa%C3%A7%C3%B5es\" target=\"_blank\" rel=\"noreferrer noopener\"><strong>SeeS Contabilidade Online<\/strong><\/a><strong> <\/strong>para saber se est\u00e1 sujeita a esse benef\u00edcio.<\/p>\n\n\n\n<h2 class=\"wp-block-heading\"><strong>Como \u00e9 feito o c\u00e1lculo<\/strong><\/h2>\n\n\n\n<figure class=\"wp-block-image size-large\"><img decoding=\"async\" width=\"1024\" height=\"576\" src=\"https:\/\/www.seescontabilidade.com.br\/blog\/wp-content\/uploads\/2023\/11\/maos-masculinas-calculando-em-uma-calculadora-sobre-a-mesa-impostos--1024x576.png\" alt=\"M\u00e3os masculinas sobre a mesa com papel, calculando  impostos.\" class=\"wp-image-801\" srcset=\"https:\/\/www.seescontabilidade.com.br\/blog\/wp-content\/uploads\/2023\/11\/maos-masculinas-calculando-em-uma-calculadora-sobre-a-mesa-impostos--1024x576.png 1024w, https:\/\/www.seescontabilidade.com.br\/blog\/wp-content\/uploads\/2023\/11\/maos-masculinas-calculando-em-uma-calculadora-sobre-a-mesa-impostos--300x169.png 300w, https:\/\/www.seescontabilidade.com.br\/blog\/wp-content\/uploads\/2023\/11\/maos-masculinas-calculando-em-uma-calculadora-sobre-a-mesa-impostos--768x432.png 768w, https:\/\/www.seescontabilidade.com.br\/blog\/wp-content\/uploads\/2023\/11\/maos-masculinas-calculando-em-uma-calculadora-sobre-a-mesa-impostos--1536x864.png 1536w, https:\/\/www.seescontabilidade.com.br\/blog\/wp-content\/uploads\/2023\/11\/maos-masculinas-calculando-em-uma-calculadora-sobre-a-mesa-impostos-.png 1920w\" sizes=\"(max-width: 1024px) 100vw, 1024px\" \/><figcaption class=\"wp-element-caption\">C\u00e1lculo de Fator R.<\/figcaption><\/figure>\n\n\n\n<p>Agora que voc\u00ea j\u00e1 entendeu o conceito de Fator R, est\u00e1 na hora de partir para a parte pr\u00e1tica e descobrir como realizar o c\u00e1lculo!<\/p>\n\n\n\n<p>O c\u00e1lculo considera o valor de folha e receita bruta dos \u00faltimos 12 meses, deve ser feito todos os meses e \u00e9 relativo aos impostos pagos no m\u00eas seguinte.<\/p>\n\n\n\n<p><em>Para conhecer o Fator R \u00e9 feito o seguinte c\u00e1lculo:<\/em><\/p>\n\n\n\n<p>Fator R = folha de sal\u00e1rios (\u00faltimos 12 meses) \/ faturamento bruto (\u00faltimos 12 meses).<\/p>\n\n\n\n<p>Um exemplo seria uma empresa com o faturamento de R$ 10.000,00 ao m\u00eas e uma folha de pagamento de R$ 3.000,00.<\/p>\n\n\n\n<p>Considerando que n\u00e3o houve altera\u00e7\u00e3o nos valores de faturamento e folha, para saber a receita bruta dos \u00faltimos 12 meses, multiplicamos o faturamento por 12, assim como a folha.<\/p>\n\n\n\n<p>O c\u00e1lculo ficaria da seguinte forma:<\/p>\n\n\n\n<p>Fator R = R$ 36.000,00 \/ R$ 120.000,00&nbsp;<\/p>\n\n\n\n<p>Fator R = 0,30 ou 30%<\/p>\n\n\n\n<p><strong>Caso o resultado seja superior a 28%<\/strong>, ainda que a atividade exercida seja do anexo V, ser\u00e1 tributada pelo anexo III que tem uma al\u00edquota menor e assim ser\u00e3o pagos menos impostos.<\/p>\n\n\n\n<h2 class=\"wp-block-heading\"><strong>O impacto no c\u00e1lculo do imposto<\/strong><\/h2>\n\n\n\n<p>O Fator R pode ter um impacto significativo nas finan\u00e7as de uma empresa optante pelo Simples Nacional. Investir na folha de pagamento do seu neg\u00f3cio pode reduzir mais da metade da al\u00edquota aplicada sobre o seu faturamento, trazendo uma grande economia no pagamento dos seus impostos.<\/p>\n\n\n\n<p>Al\u00e9m de considerar a folha de pagamento dos funcion\u00e1rios,<strong> \u00e9 poss\u00edvel utilizar a folha de pr\u00f3-labore dos s\u00f3cios para usufruir desse benef\u00edcio<\/strong>. Para isso, \u00e9 necess\u00e1rio sempre recolher o valor de folha equivalente a 28% do faturamento mensal.&nbsp;<\/p>\n\n\n\n<p>Por mais vantajoso que pare\u00e7a esse benef\u00edcio, \u00e9 importante fazer uma an\u00e1lise detalhada, para saber qual a melhor forma de tributa\u00e7\u00e3o para a empresa. <a href=\"https:\/\/www.seescontabilidade.com.br\/\" target=\"_blank\" rel=\"noreferrer noopener\">Entre em contato com a SeeS Contabilidade Online<\/a> e economize no pagamento dos seus impostos dentro da legalidade.<\/p>\n","protected":false},"excerpt":{"rendered":"<p>O Simples Nacional \u00e9 um regime tribut\u00e1rio simplificado que oferece uma s\u00e9rie de benef\u00edcios fiscais para micro e pequenas empresas. Mas ainda muitos empreendedores desconhecem um elemento fundamental desse regime, o chamado Fator R. Esse benef\u00edcio tem um grande impacto no valor dos impostos pagos pelas empresas. Para saber mais, continue lendo esse artigo! Vamos [&hellip;]<\/p>\n","protected":false},"author":2,"featured_media":799,"comment_status":"open","ping_status":"open","sticky":false,"template":"","format":"standard","meta":{"_acf_changed":false,"footnotes":""},"categories":[1,2,10],"tags":[40,39,41],"acf":[],"yoast_head":"<!-- This site is optimized with the Yoast SEO plugin v22.1 - https:\/\/yoast.com\/wordpress\/plugins\/seo\/ -->\n<title>O que \u00e9 Fator R e como ele pode gerar muita economia para a sua empresa<\/title>\n<meta name=\"description\" content=\"Se a sua empresa \u00e9 optante pelo Simples Nacional, entender o que \u00e9 o Fator R pode gerar muita economia no pagamento de impostos.\" \/>\n<meta name=\"robots\" content=\"index, follow, max-snippet:-1, max-image-preview:large, max-video-preview:-1\" \/>\n<link rel=\"canonical\" href=\"https:\/\/www.seescontabilidade.com.br\/blog\/o-que-e-fator-r\/\" \/>\n<meta property=\"og:locale\" content=\"pt_BR\" \/>\n<meta property=\"og:type\" content=\"article\" \/>\n<meta property=\"og:title\" content=\"O que \u00e9 Fator R e como ele pode gerar muita economia para a sua empresa\" \/>\n<meta property=\"og:description\" content=\"Se a sua empresa \u00e9 optante pelo Simples Nacional, entender o que \u00e9 o Fator R pode gerar muita economia no pagamento de impostos.\" \/>\n<meta property=\"og:url\" content=\"https:\/\/www.seescontabilidade.com.br\/blog\/o-que-e-fator-r\/\" \/>\n<meta property=\"og:site_name\" content=\"SeeS Contabilidade Online\" \/>\n<meta property=\"article:publisher\" content=\"https:\/\/www.facebook.com\/seescontabilidade\/\" \/>\n<meta property=\"article:published_time\" content=\"2023-11-14T11:00:00+00:00\" \/>\n<meta property=\"article:modified_time\" content=\"2023-11-10T16:24:47+00:00\" \/>\n<meta property=\"og:image\" content=\"https:\/\/www.seescontabilidade.com.br\/blog\/wp-content\/uploads\/2023\/11\/mesa-com-graficos-de-economia-calculadora-e-notebook-1024x576.png\" \/>\n\t<meta property=\"og:image:width\" content=\"1024\" \/>\n\t<meta property=\"og:image:height\" content=\"576\" \/>\n\t<meta property=\"og:image:type\" content=\"image\/png\" \/>\n<meta name=\"author\" content=\"Luan Tavares\" \/>\n<meta name=\"twitter:card\" content=\"summary_large_image\" \/>\n<meta name=\"twitter:creator\" content=\"@seescontabil\" \/>\n<meta name=\"twitter:site\" content=\"@seescontabil\" \/>\n<meta name=\"twitter:label1\" content=\"Escrito por\" \/>\n\t<meta name=\"twitter:data1\" content=\"Luan Tavares\" \/>\n\t<meta name=\"twitter:label2\" content=\"Est. tempo de leitura\" \/>\n\t<meta name=\"twitter:data2\" content=\"5 minutos\" \/>\n<script type=\"application\/ld+json\" class=\"yoast-schema-graph\">{\"@context\":\"https:\/\/schema.org\",\"@graph\":[{\"@type\":\"Article\",\"@id\":\"https:\/\/www.seescontabilidade.com.br\/blog\/o-que-e-fator-r\/#article\",\"isPartOf\":{\"@id\":\"https:\/\/www.seescontabilidade.com.br\/blog\/o-que-e-fator-r\/\"},\"author\":{\"name\":\"Luan Tavares\",\"@id\":\"https:\/\/www.seescontabilidade.com.br\/blog\/#\/schema\/person\/58efb8b826007d8cb7d81fd4927f59e2\"},\"headline\":\"O que \u00e9 Fator R e como ele pode gerar muita economia para a sua empresa\",\"datePublished\":\"2023-11-14T11:00:00+00:00\",\"dateModified\":\"2023-11-10T16:24:47+00:00\",\"mainEntityOfPage\":{\"@id\":\"https:\/\/www.seescontabilidade.com.br\/blog\/o-que-e-fator-r\/\"},\"wordCount\":838,\"commentCount\":0,\"publisher\":{\"@id\":\"https:\/\/www.seescontabilidade.com.br\/blog\/#organization\"},\"keywords\":[\"economia\",\"Fator R\",\"pagamento de impostos\"],\"articleSection\":[\"Contabilidade\",\"Empreendedorismo\",\"Simples Nacional\"],\"inLanguage\":\"pt-BR\",\"potentialAction\":[{\"@type\":\"CommentAction\",\"name\":\"Comment\",\"target\":[\"https:\/\/www.seescontabilidade.com.br\/blog\/o-que-e-fator-r\/#respond\"]}]},{\"@type\":\"WebPage\",\"@id\":\"https:\/\/www.seescontabilidade.com.br\/blog\/o-que-e-fator-r\/\",\"url\":\"https:\/\/www.seescontabilidade.com.br\/blog\/o-que-e-fator-r\/\",\"name\":\"O que \u00e9 Fator R e como ele pode gerar muita economia para a sua empresa\",\"isPartOf\":{\"@id\":\"https:\/\/www.seescontabilidade.com.br\/blog\/#website\"},\"datePublished\":\"2023-11-14T11:00:00+00:00\",\"dateModified\":\"2023-11-10T16:24:47+00:00\",\"description\":\"Se a sua empresa \u00e9 optante pelo Simples Nacional, entender o que \u00e9 o Fator R pode gerar muita economia no pagamento de impostos.\",\"breadcrumb\":{\"@id\":\"https:\/\/www.seescontabilidade.com.br\/blog\/o-que-e-fator-r\/#breadcrumb\"},\"inLanguage\":\"pt-BR\",\"potentialAction\":[{\"@type\":\"ReadAction\",\"target\":[\"https:\/\/www.seescontabilidade.com.br\/blog\/o-que-e-fator-r\/\"]}]},{\"@type\":\"BreadcrumbList\",\"@id\":\"https:\/\/www.seescontabilidade.com.br\/blog\/o-que-e-fator-r\/#breadcrumb\",\"itemListElement\":[{\"@type\":\"ListItem\",\"position\":1,\"name\":\"In\u00edcio\",\"item\":\"https:\/\/www.seescontabilidade.com.br\/blog\/\"},{\"@type\":\"ListItem\",\"position\":2,\"name\":\"O que \u00e9 Fator R e como ele pode gerar muita economia para a sua empresa\"}]},{\"@type\":\"WebSite\",\"@id\":\"https:\/\/www.seescontabilidade.com.br\/blog\/#website\",\"url\":\"https:\/\/www.seescontabilidade.com.br\/blog\/\",\"name\":\"SeeS Contabilidade Online\",\"description\":\"Sob medida para prestadores de servi\u00e7os\",\"publisher\":{\"@id\":\"https:\/\/www.seescontabilidade.com.br\/blog\/#organization\"},\"potentialAction\":[{\"@type\":\"SearchAction\",\"target\":{\"@type\":\"EntryPoint\",\"urlTemplate\":\"https:\/\/www.seescontabilidade.com.br\/blog\/?s={search_term_string}\"},\"query-input\":\"required name=search_term_string\"}],\"inLanguage\":\"pt-BR\"},{\"@type\":\"Organization\",\"@id\":\"https:\/\/www.seescontabilidade.com.br\/blog\/#organization\",\"name\":\"SeeS Contabilidade\",\"url\":\"https:\/\/www.seescontabilidade.com.br\/blog\/\",\"logo\":{\"@type\":\"ImageObject\",\"inLanguage\":\"pt-BR\",\"@id\":\"https:\/\/www.seescontabilidade.com.br\/blog\/#\/schema\/logo\/image\/\",\"url\":\"https:\/\/www.seescontabilidade.com.br\/blog\/wp-content\/uploads\/2021\/08\/logo-login.png\",\"contentUrl\":\"https:\/\/www.seescontabilidade.com.br\/blog\/wp-content\/uploads\/2021\/08\/logo-login.png\",\"width\":139,\"height\":66,\"caption\":\"SeeS Contabilidade\"},\"image\":{\"@id\":\"https:\/\/www.seescontabilidade.com.br\/blog\/#\/schema\/logo\/image\/\"},\"sameAs\":[\"https:\/\/www.facebook.com\/seescontabilidade\/\",\"https:\/\/twitter.com\/seescontabil\",\"https:\/\/www.instagram.com\/seescontabilidade\/\"]},{\"@type\":\"Person\",\"@id\":\"https:\/\/www.seescontabilidade.com.br\/blog\/#\/schema\/person\/58efb8b826007d8cb7d81fd4927f59e2\",\"name\":\"Luan Tavares\",\"image\":{\"@type\":\"ImageObject\",\"inLanguage\":\"pt-BR\",\"@id\":\"https:\/\/www.seescontabilidade.com.br\/blog\/#\/schema\/person\/image\/\",\"url\":\"https:\/\/secure.gravatar.com\/avatar\/e6c47987f26d840fd901f82a088e52b4?s=96&d=mm&r=g\",\"contentUrl\":\"https:\/\/secure.gravatar.com\/avatar\/e6c47987f26d840fd901f82a088e52b4?s=96&d=mm&r=g\",\"caption\":\"Luan Tavares\"},\"description\":\"Empreendedor e Contador com mais de 10 anos de experi\u00eancia na \u00e1rea Cont\u00e1bil\/Fiscal\/Tribut\u00e1ria. Desenvolveu sua carreira em consultoria de recupera\u00e7\u00e3o de tributos indiretos em empresas de m\u00e9dio e grande porte (Multinacionais), dispondo de s\u00f3lidos conhecimentos em gest\u00e3o fiscal e pr\u00e1ticas de Planejamento Tribut\u00e1rio.\",\"sameAs\":[\"http:\/\/www.seescontabilidade.com.br\"],\"url\":\"https:\/\/www.seescontabilidade.com.br\/blog\/author\/luan-tavares\/\"}]}<\/script>\n<!-- \/ Yoast SEO plugin. -->","yoast_head_json":{"title":"O que \u00e9 Fator R e como ele pode gerar muita economia para a sua empresa","description":"Se a sua empresa \u00e9 optante pelo Simples Nacional, entender o que \u00e9 o Fator R pode gerar muita economia no pagamento de impostos.","robots":{"index":"index","follow":"follow","max-snippet":"max-snippet:-1","max-image-preview":"max-image-preview:large","max-video-preview":"max-video-preview:-1"},"canonical":"https:\/\/www.seescontabilidade.com.br\/blog\/o-que-e-fator-r\/","og_locale":"pt_BR","og_type":"article","og_title":"O que \u00e9 Fator R e como ele pode gerar muita economia para a sua empresa","og_description":"Se a sua empresa \u00e9 optante pelo Simples Nacional, entender o que \u00e9 o Fator R pode gerar muita economia no pagamento de impostos.","og_url":"https:\/\/www.seescontabilidade.com.br\/blog\/o-que-e-fator-r\/","og_site_name":"SeeS Contabilidade Online","article_publisher":"https:\/\/www.facebook.com\/seescontabilidade\/","article_published_time":"2023-11-14T11:00:00+00:00","article_modified_time":"2023-11-10T16:24:47+00:00","og_image":[{"width":1024,"height":576,"url":"https:\/\/www.seescontabilidade.com.br\/blog\/wp-content\/uploads\/2023\/11\/mesa-com-graficos-de-economia-calculadora-e-notebook-1024x576.png","type":"image\/png"}],"author":"Luan Tavares","twitter_card":"summary_large_image","twitter_creator":"@seescontabil","twitter_site":"@seescontabil","twitter_misc":{"Escrito por":"Luan Tavares","Est. tempo de leitura":"5 minutos"},"schema":{"@context":"https:\/\/schema.org","@graph":[{"@type":"Article","@id":"https:\/\/www.seescontabilidade.com.br\/blog\/o-que-e-fator-r\/#article","isPartOf":{"@id":"https:\/\/www.seescontabilidade.com.br\/blog\/o-que-e-fator-r\/"},"author":{"name":"Luan Tavares","@id":"https:\/\/www.seescontabilidade.com.br\/blog\/#\/schema\/person\/58efb8b826007d8cb7d81fd4927f59e2"},"headline":"O que \u00e9 Fator R e como ele pode gerar muita economia para a sua empresa","datePublished":"2023-11-14T11:00:00+00:00","dateModified":"2023-11-10T16:24:47+00:00","mainEntityOfPage":{"@id":"https:\/\/www.seescontabilidade.com.br\/blog\/o-que-e-fator-r\/"},"wordCount":838,"commentCount":0,"publisher":{"@id":"https:\/\/www.seescontabilidade.com.br\/blog\/#organization"},"keywords":["economia","Fator R","pagamento de impostos"],"articleSection":["Contabilidade","Empreendedorismo","Simples Nacional"],"inLanguage":"pt-BR","potentialAction":[{"@type":"CommentAction","name":"Comment","target":["https:\/\/www.seescontabilidade.com.br\/blog\/o-que-e-fator-r\/#respond"]}]},{"@type":"WebPage","@id":"https:\/\/www.seescontabilidade.com.br\/blog\/o-que-e-fator-r\/","url":"https:\/\/www.seescontabilidade.com.br\/blog\/o-que-e-fator-r\/","name":"O que \u00e9 Fator R e como ele pode gerar muita economia para a sua empresa","isPartOf":{"@id":"https:\/\/www.seescontabilidade.com.br\/blog\/#website"},"datePublished":"2023-11-14T11:00:00+00:00","dateModified":"2023-11-10T16:24:47+00:00","description":"Se a sua empresa \u00e9 optante pelo Simples Nacional, entender o que \u00e9 o Fator R pode gerar muita economia no pagamento de impostos.","breadcrumb":{"@id":"https:\/\/www.seescontabilidade.com.br\/blog\/o-que-e-fator-r\/#breadcrumb"},"inLanguage":"pt-BR","potentialAction":[{"@type":"ReadAction","target":["https:\/\/www.seescontabilidade.com.br\/blog\/o-que-e-fator-r\/"]}]},{"@type":"BreadcrumbList","@id":"https:\/\/www.seescontabilidade.com.br\/blog\/o-que-e-fator-r\/#breadcrumb","itemListElement":[{"@type":"ListItem","position":1,"name":"In\u00edcio","item":"https:\/\/www.seescontabilidade.com.br\/blog\/"},{"@type":"ListItem","position":2,"name":"O que \u00e9 Fator R e como ele pode gerar muita economia para a sua empresa"}]},{"@type":"WebSite","@id":"https:\/\/www.seescontabilidade.com.br\/blog\/#website","url":"https:\/\/www.seescontabilidade.com.br\/blog\/","name":"SeeS Contabilidade Online","description":"Sob medida para prestadores de servi\u00e7os","publisher":{"@id":"https:\/\/www.seescontabilidade.com.br\/blog\/#organization"},"potentialAction":[{"@type":"SearchAction","target":{"@type":"EntryPoint","urlTemplate":"https:\/\/www.seescontabilidade.com.br\/blog\/?s={search_term_string}"},"query-input":"required name=search_term_string"}],"inLanguage":"pt-BR"},{"@type":"Organization","@id":"https:\/\/www.seescontabilidade.com.br\/blog\/#organization","name":"SeeS Contabilidade","url":"https:\/\/www.seescontabilidade.com.br\/blog\/","logo":{"@type":"ImageObject","inLanguage":"pt-BR","@id":"https:\/\/www.seescontabilidade.com.br\/blog\/#\/schema\/logo\/image\/","url":"https:\/\/www.seescontabilidade.com.br\/blog\/wp-content\/uploads\/2021\/08\/logo-login.png","contentUrl":"https:\/\/www.seescontabilidade.com.br\/blog\/wp-content\/uploads\/2021\/08\/logo-login.png","width":139,"height":66,"caption":"SeeS Contabilidade"},"image":{"@id":"https:\/\/www.seescontabilidade.com.br\/blog\/#\/schema\/logo\/image\/"},"sameAs":["https:\/\/www.facebook.com\/seescontabilidade\/","https:\/\/twitter.com\/seescontabil","https:\/\/www.instagram.com\/seescontabilidade\/"]},{"@type":"Person","@id":"https:\/\/www.seescontabilidade.com.br\/blog\/#\/schema\/person\/58efb8b826007d8cb7d81fd4927f59e2","name":"Luan Tavares","image":{"@type":"ImageObject","inLanguage":"pt-BR","@id":"https:\/\/www.seescontabilidade.com.br\/blog\/#\/schema\/person\/image\/","url":"https:\/\/secure.gravatar.com\/avatar\/e6c47987f26d840fd901f82a088e52b4?s=96&d=mm&r=g","contentUrl":"https:\/\/secure.gravatar.com\/avatar\/e6c47987f26d840fd901f82a088e52b4?s=96&d=mm&r=g","caption":"Luan Tavares"},"description":"Empreendedor e Contador com mais de 10 anos de experi\u00eancia na \u00e1rea Cont\u00e1bil\/Fiscal\/Tribut\u00e1ria. Desenvolveu sua carreira em consultoria de recupera\u00e7\u00e3o de tributos indiretos em empresas de m\u00e9dio e grande porte (Multinacionais), dispondo de s\u00f3lidos conhecimentos em gest\u00e3o fiscal e pr\u00e1ticas de Planejamento Tribut\u00e1rio.","sameAs":["http:\/\/www.seescontabilidade.com.br"],"url":"https:\/\/www.seescontabilidade.com.br\/blog\/author\/luan-tavares\/"}]}},"_links":{"self":[{"href":"https:\/\/www.seescontabilidade.com.br\/blog\/wp-json\/wp\/v2\/posts\/795"}],"collection":[{"href":"https:\/\/www.seescontabilidade.com.br\/blog\/wp-json\/wp\/v2\/posts"}],"about":[{"href":"https:\/\/www.seescontabilidade.com.br\/blog\/wp-json\/wp\/v2\/types\/post"}],"author":[{"embeddable":true,"href":"https:\/\/www.seescontabilidade.com.br\/blog\/wp-json\/wp\/v2\/users\/2"}],"replies":[{"embeddable":true,"href":"https:\/\/www.seescontabilidade.com.br\/blog\/wp-json\/wp\/v2\/comments?post=795"}],"version-history":[{"count":5,"href":"https:\/\/www.seescontabilidade.com.br\/blog\/wp-json\/wp\/v2\/posts\/795\/revisions"}],"predecessor-version":[{"id":818,"href":"https:\/\/www.seescontabilidade.com.br\/blog\/wp-json\/wp\/v2\/posts\/795\/revisions\/818"}],"wp:featuredmedia":[{"embeddable":true,"href":"https:\/\/www.seescontabilidade.com.br\/blog\/wp-json\/wp\/v2\/media\/799"}],"wp:attachment":[{"href":"https:\/\/www.seescontabilidade.com.br\/blog\/wp-json\/wp\/v2\/media?parent=795"}],"wp:term":[{"taxonomy":"category","embeddable":true,"href":"https:\/\/www.seescontabilidade.com.br\/blog\/wp-json\/wp\/v2\/categories?post=795"},{"taxonomy":"post_tag","embeddable":true,"href":"https:\/\/www.seescontabilidade.com.br\/blog\/wp-json\/wp\/v2\/tags?post=795"}],"curies":[{"name":"wp","href":"https:\/\/api.w.org\/{rel}","templated":true}]}}