{"id":726,"date":"2022-10-26T17:59:07","date_gmt":"2022-10-26T20:59:07","guid":{"rendered":"https:\/\/www.seescontabilidade.com.br\/blog\/?p=726"},"modified":"2022-11-16T17:03:21","modified_gmt":"2022-11-16T20:03:21","slug":"gestao-do-tempo","status":"publish","type":"post","link":"https:\/\/www.seescontabilidade.com.br\/blog\/gestao-do-tempo\/","title":{"rendered":"Como fazer a gest\u00e3o do tempo como empreendedor digital?"},"content":{"rendered":"\n<p>Gerenciar o tempo n\u00e3o \u00e9 uma tarefa f\u00e1cil. Na verdade, \u00e9 uma a\u00e7\u00e3o dif\u00edcil e requer bastante planejamento. E, nos \u00faltimos tempos, o trabalho em home office e com o empreendedorismo digital fez com que cada vez mais esse assunto fosse pesquisado e buscado pelos profissionais.&nbsp;<\/p>\n\n\n\n<p>Por isso, neste artigo, voc\u00ea encontrar\u00e1 dicas de como fazer a gest\u00e3o do tempo sendo um empreendedor digital, aprender\u00e1 sobre a t\u00e9cnica pomodoro e tamb\u00e9m descobrir\u00e1 como um servi\u00e7o de contabilidade pode ser essencial nessa \u00e1rea. Pode parecer que n\u00e3o tem nada a ver, n\u00e3o \u00e9 mesmo, mas, tem sim.&nbsp;<\/p>\n\n\n\n<h2 class=\"wp-block-heading\"><strong>O que voc\u00ea encontrar\u00e1 neste artigo:<\/strong><\/h2>\n\n\n\n<ul class=\"has-pale-cyan-blue-background-color has-background\"><li><a href=\"#sub1\">O que \u00e9 gest\u00e3o do tempo<\/a><\/li><li><a href=\"#sub2\">Como fazer a gest\u00e3o do tempo sendo empreendedor digital<\/a>\u00a0<\/li><li><a href=\"#sub3\">Entenda o papel da contabilidade<\/a><\/li><\/ul>\n\n\n\n<h2 class=\"wp-block-heading\" id=\"sub1\"><strong>O que \u00e9 gest\u00e3o do tempo<\/strong><\/h2>\n\n\n\n<p>Voc\u00ea pode at\u00e9 achar que gest\u00e3o do tempo \u00e9 uma coisa chata, que interessa s\u00f3 para quem vive muito ocupado. Mas, saiba que se voc\u00ea \u00e9 dessa turma, voc\u00ea est\u00e1 enganado. Principalmente, se voc\u00ea \u00e9 um empreendedor digital. Afinal, sendo o seu pr\u00f3prio chefe ou tendo que cumprir mais de uma fun\u00e7\u00e3o, \u00e9 importante ter no\u00e7\u00e3o de quanto tempo \u00e9 necess\u00e1rio para cada tarefa.&nbsp;<\/p>\n\n\n\n<p>E no empreendedorismo digital, onde \u00e9 poss\u00edvel trabalhar de qualquer lugar e em qualquer hor\u00e1rio, essa necessidade se transformou ainda mais em prioridade. E essa administra\u00e7\u00e3o n\u00e3o \u00e9 s\u00f3 para quest\u00f5es do trabalho, ok?<\/p>\n\n\n\n<p>Em uma rotina de gerenciamento pessoal, por exemplo, \u00e9 importante que voc\u00ea administre o tempo da melhor maneira poss\u00edvel. Assim, sobrecargas n\u00e3o ser\u00e3o percebidas e voc\u00ea conseguir\u00e1 encontrar tempo &#8211; e ir\u00e1 mesmo &#8211; para todas atividades que deseja.&nbsp;<\/p>\n\n\n\n<p>Mas, afinal, o que \u00e9 gest\u00e3o do tempo? Bom, de forma geral, a gest\u00e3o do tempo engloba uma s\u00e9rie de processos, a\u00e7\u00f5es, ferramentas e t\u00e1ticas para que voc\u00ea tenha o melhor cumprimento de atividades e projetos dentro de um determinado cronograma.&nbsp;<\/p>\n\n\n\n<p>H\u00e1 diversos te\u00f3ricos que apontam a gest\u00e3o do tempo como uma das estrat\u00e9gias mais importantes e relevantes no mundo atual. At\u00e9 porque, temos cada vez mais tarefas e a\u00e7\u00f5es para fazer, n\u00e3o \u00e9 mesmo?&nbsp;<\/p>\n\n\n\n<p>Podemos ent\u00e3o, definir alguns passos que s\u00e3o importantes para entendermos a gest\u00e3o do tempo e como ela funciona.&nbsp;<\/p>\n\n\n\n<p>Primeiro passo: \u00e9 poss\u00edvel aumentar a produtividade. Mas, calma, n\u00e3o quer dizer que a sua produtividade ir\u00e1 aumentar s\u00f3 porque voc\u00ea ter\u00e1 mais tempo. E n\u00e3o quer dizer que voc\u00ea ir\u00e1 ficar produzindo sem parar, mas na verdade, voc\u00ea ter\u00e1 a chance de organizar melhor as suas falhas e ter\u00e1 plena no\u00e7\u00e3o de quanto tempo ter\u00e1 para cada tarefa. Al\u00e9m de tudo, voc\u00ea poder\u00e1 ter mais tempo para aprender, errar, ou reinventar algum processo.&nbsp;<\/p>\n\n\n\n<p>O segundo passo para entendermos como a gest\u00e3o do tempo afeta o seu dia a dia \u00e9 a valoriza\u00e7\u00e3o profissional que ela pode trazer. E principalmente quando falamos de empreendedorismo digital, esse \u00e9 um diferencial no seu portf\u00f3lio.<\/p>\n\n\n\n<p>Nos \u00faltimos anos, por exemplo, o n\u00famero de empreendedores digitais cresceu muito. E com isso, a concorr\u00eancia \u00e9 gigante. S\u00e3o muitos profissionais em busca de trabalhos, demandas, enfim. E como voc\u00ea pode se diferenciar? Al\u00e9m da sua qualidade t\u00e9cnica, ser organizado e saber administrar o seu tempo, priorizando tarefas e descartando alguns obst\u00e1culos.&nbsp;<\/p>\n\n\n\n<p>Por \u00faltimo, salientamos dois passos super importantes. O primeiro deles \u00e9 que h\u00e1 estudos que comprovam a redu\u00e7\u00e3o do estresse e da ansiedade, por meio da aplica\u00e7\u00e3o de t\u00e9cnicas de gest\u00e3o do tempo. Com isso, chegamos ao outro passo, sabendo gerir o seu tempo, saiba que voc\u00ea ter\u00e1 sim mais tempo livre e mais dedica\u00e7\u00e3o para investir em novos projetos.&nbsp;<\/p>\n\n\n\n<p><\/p>\n\n\n\n<h4 class=\"wp-block-heading\">Leia tamb\u00e9m: <a href=\"https:\/\/www.seescontabilidade.com.br\/blog\/imposto-sobre-produtos-digitais-veja-como-calcular\/\" target=\"_blank\" rel=\"noreferrer noopener\">Imposto sobre produtos digitais: veja como calcular<\/a><\/h4>\n\n\n\n<h2 class=\"wp-block-heading\" id=\"sub2\"><strong>Como fazer a gest\u00e3o do tempo como empreendedor digital<\/strong><\/h2>\n\n\n\n<p>Agora que j\u00e1 te explicamos o que \u00e9 a gest\u00e3o do tempo e quais benef\u00edcios ela pode trazer, resolvemos mostrar uma t\u00e9cnica bastante disseminada no mundo todo que pode te ajudar a fazer a gest\u00e3o do tempo como um empreendedor digital. Para isso, te fazemos uma pergunta: voc\u00ea sabe o que \u00e9 Pomodoro?&nbsp;<\/p>\n\n\n\n<p>Se j\u00e1 ouviu falar ou se nunca ouviu falar, saiba que ela n\u00e3o \u00e9 uma novidade. A t\u00e9cnica Pomodoro de gest\u00e3o do tempo foi criada em 1980, por Francesco Cirillo. E sim, ela tem rela\u00e7\u00e3o com tomate, e n\u00e3o poderia ser diferente j\u00e1 que o nome Pomodoro significa tomate em italiano (e tamb\u00e9m representa uma marca famosa no Brasil).&nbsp;<\/p>\n\n\n\n<p>Por ser uma t\u00e9cnica simples e com possibilidade de ser aplicada em qualquer lugar ou \u00e1rea, ela tornou-se a queridinha dos empreendedores e n\u00f4mades digitais. O m\u00e9todo estabelece que voc\u00ea utilize um cron\u00f4metro e que divida o seu tempo de trabalho em 25 minutos, colocando pequenos intervalos entre eles. Logo abaixo, mostramos o passo a passo mais utilizado da Pomodoro:<\/p>\n\n\n\n<ul><li>Escolha uma atividade&nbsp;<\/li><li>Coloque o cron\u00f4metro em 25 minutos (se quiser mais tempo, sem problemas &#8211; inclusive, h\u00e1 adapta\u00e7\u00f5es que usam intervalos maiores)<\/li><li>Trabalhe na tarefa escolhida at\u00e9 que o alarme toque (esse \u00e9 o momento de foco total)<\/li><li>Quando o alarme tocar, anote o primeiro intervalo e fa\u00e7a um breve intervalo de alguns segundos<\/li><li>Se a tarefa n\u00e3o for conclu\u00edda em at\u00e9 4 marca\u00e7\u00f5es, use uma pausa de 3 a 5 minutos<\/li><li>Depois de quatro fases desses intervalos, ou seja, mais ou menos 2 horas, fa\u00e7a uma pausa mais longa de 20 a 30 minutos<\/li><\/ul>\n\n\n\n<p>E a\u00ed, curtiu a t\u00e9cnica? Se voc\u00ea gostou, aplique ela no seu dia a dia e perceba se \u00e9 a melhor estrat\u00e9gia para realizar enquanto empreende no mundo digital.&nbsp;<\/p>\n\n\n\n<figure class=\"wp-block-embed is-type-video is-provider-youtube wp-block-embed-youtube wp-embed-aspect-16-9 wp-has-aspect-ratio\"><div class=\"wp-block-embed__wrapper\">\n<iframe title=\"Como se organizar FINANCEIRAMENTE para um LAN\u00c7AMENTO de produto digital \ud83d\ude80\" width=\"980\" height=\"551\" src=\"https:\/\/www.youtube.com\/embed\/lRaoxXfji1Y?feature=oembed\" frameborder=\"0\" allow=\"accelerometer; autoplay; clipboard-write; encrypted-media; gyroscope; picture-in-picture\" allowfullscreen><\/iframe>\n<\/div><figcaption>Organiza\u00e7\u00e3o \u00e9 a chave para o seu neg\u00f3cio! <\/figcaption><\/figure>\n\n\n\n<h2 class=\"wp-block-heading\" id=\"sub3\"><strong>Entenda o papel da contabilidade<\/strong><\/h2>\n\n\n\n<p>Voc\u00ea pode estar questionando porque uma empresa de contabilidade preocupa-se com a gest\u00e3o do tempo. E agora, chegou o momento de explicarmos. Ao pensarmos nas estrat\u00e9gias de tempo, percebemos que muitos empreendedores digitais desconhecem esses passos e acabam criando gargalos em suas produ\u00e7\u00f5es.&nbsp;<\/p>\n\n\n\n<p>O maior gargalo enfrentado at\u00e9 o momento, em nossa experi\u00eancia, \u00e9 o da contabilidade. E para resolver, n\u00e3o tem jeito: o conhecimento sobre as regras cont\u00e1beis \u00e9 fundamental. No meio de tantas tarefas di\u00e1rias, \u00e9 comum que os empreendedores digitais esque\u00e7am dessa \u00e1rea ou fa\u00e7am tudo \u201cna correria\u201d.&nbsp;<\/p>\n\n\n\n<p>Para solucionar de vez esse gargalo, saiba que pode contar com a SeeS Contabilidade. Quer saber como podemos te ajudar? Entre em contato com a gente no <a href=\"https:\/\/api.whatsapp.com\/send?phone=5547996575851&amp;text=Ol%C3%A1%2C%20acessei%20o%20Blog%20de%20voc%C3%AAs%20e%20gostaria%20de%20ter%20mais%20informa%C3%A7%C3%B5es!\" target=\"_blank\" rel=\"noreferrer noopener\">WhatsApp<\/a>, ser\u00e1 um prazer atender a sua necessidade!<\/p>\n","protected":false},"excerpt":{"rendered":"<p>Gerenciar o tempo n\u00e3o \u00e9 uma tarefa f\u00e1cil. Na verdade, \u00e9 uma a\u00e7\u00e3o dif\u00edcil e requer bastante planejamento. E, nos \u00faltimos tempos, o trabalho em home office e com o empreendedorismo digital fez com que cada vez mais esse assunto fosse pesquisado e buscado pelos profissionais.&nbsp; Por isso, neste artigo, voc\u00ea encontrar\u00e1 dicas de como [&hellip;]<\/p>\n","protected":false},"author":1,"featured_media":737,"comment_status":"open","ping_status":"open","sticky":false,"template":"","format":"standard","meta":{"_acf_changed":false,"footnotes":""},"categories":[1],"tags":[],"acf":[],"yoast_head":"<!-- This site is optimized with the Yoast SEO plugin v22.1 - https:\/\/yoast.com\/wordpress\/plugins\/seo\/ -->\n<title>Gest\u00e3o do tempo: O que \u00e9 e como utilizar no seu neg\u00f3cio digital?<\/title>\n<meta name=\"description\" content=\"Aqui est\u00e1 uma das t\u00e9cnicas mais aplicadas no mundo dos neg\u00f3cios para gest\u00e3o do tempo. Empreendedores digitais tam\u00e9m podem utilizar a t\u00e9cnica.\" \/>\n<meta name=\"robots\" content=\"index, follow, max-snippet:-1, max-image-preview:large, max-video-preview:-1\" \/>\n<link rel=\"canonical\" href=\"https:\/\/www.seescontabilidade.com.br\/blog\/gestao-do-tempo\/\" \/>\n<meta property=\"og:locale\" content=\"pt_BR\" \/>\n<meta property=\"og:type\" content=\"article\" \/>\n<meta property=\"og:title\" content=\"Gest\u00e3o do tempo: O que \u00e9 e como utilizar no seu neg\u00f3cio digital?\" \/>\n<meta property=\"og:description\" content=\"Aqui est\u00e1 uma das t\u00e9cnicas mais aplicadas no mundo dos neg\u00f3cios para gest\u00e3o do tempo. Empreendedores digitais tam\u00e9m podem utilizar a t\u00e9cnica.\" \/>\n<meta property=\"og:url\" content=\"https:\/\/www.seescontabilidade.com.br\/blog\/gestao-do-tempo\/\" \/>\n<meta property=\"og:site_name\" content=\"SeeS Contabilidade Online\" \/>\n<meta property=\"article:publisher\" content=\"https:\/\/www.facebook.com\/seescontabilidade\/\" \/>\n<meta property=\"article:published_time\" content=\"2022-10-26T20:59:07+00:00\" \/>\n<meta property=\"article:modified_time\" content=\"2022-11-16T20:03:21+00:00\" \/>\n<meta property=\"og:image\" content=\"https:\/\/www.seescontabilidade.com.br\/blog\/wp-content\/uploads\/2022\/10\/Capa.webp\" \/>\n\t<meta property=\"og:image:width\" content=\"750\" \/>\n\t<meta property=\"og:image:height\" content=\"410\" \/>\n\t<meta property=\"og:image:type\" content=\"image\/webp\" \/>\n<meta name=\"author\" content=\"SeeS Contabilidade Online\" \/>\n<meta name=\"twitter:card\" content=\"summary_large_image\" \/>\n<meta name=\"twitter:creator\" content=\"@seescontabil\" \/>\n<meta name=\"twitter:site\" content=\"@seescontabil\" \/>\n<meta name=\"twitter:label1\" content=\"Escrito por\" \/>\n\t<meta name=\"twitter:data1\" content=\"SeeS Contabilidade Online\" \/>\n\t<meta name=\"twitter:label2\" content=\"Est. tempo de leitura\" \/>\n\t<meta name=\"twitter:data2\" content=\"6 minutos\" \/>\n<script type=\"application\/ld+json\" class=\"yoast-schema-graph\">{\"@context\":\"https:\/\/schema.org\",\"@graph\":[{\"@type\":\"Article\",\"@id\":\"https:\/\/www.seescontabilidade.com.br\/blog\/gestao-do-tempo\/#article\",\"isPartOf\":{\"@id\":\"https:\/\/www.seescontabilidade.com.br\/blog\/gestao-do-tempo\/\"},\"author\":{\"name\":\"SeeS Contabilidade Online\",\"@id\":\"https:\/\/www.seescontabilidade.com.br\/blog\/#\/schema\/person\/964ba05247f5254f09bfb674cd475dc2\"},\"headline\":\"Como fazer a gest\u00e3o do tempo como empreendedor digital?\",\"datePublished\":\"2022-10-26T20:59:07+00:00\",\"dateModified\":\"2022-11-16T20:03:21+00:00\",\"mainEntityOfPage\":{\"@id\":\"https:\/\/www.seescontabilidade.com.br\/blog\/gestao-do-tempo\/\"},\"wordCount\":1127,\"commentCount\":0,\"publisher\":{\"@id\":\"https:\/\/www.seescontabilidade.com.br\/blog\/#organization\"},\"articleSection\":[\"Contabilidade\"],\"inLanguage\":\"pt-BR\",\"potentialAction\":[{\"@type\":\"CommentAction\",\"name\":\"Comment\",\"target\":[\"https:\/\/www.seescontabilidade.com.br\/blog\/gestao-do-tempo\/#respond\"]}]},{\"@type\":\"WebPage\",\"@id\":\"https:\/\/www.seescontabilidade.com.br\/blog\/gestao-do-tempo\/\",\"url\":\"https:\/\/www.seescontabilidade.com.br\/blog\/gestao-do-tempo\/\",\"name\":\"Gest\u00e3o do tempo: O que \u00e9 e como utilizar no seu neg\u00f3cio digital?\",\"isPartOf\":{\"@id\":\"https:\/\/www.seescontabilidade.com.br\/blog\/#website\"},\"datePublished\":\"2022-10-26T20:59:07+00:00\",\"dateModified\":\"2022-11-16T20:03:21+00:00\",\"description\":\"Aqui est\u00e1 uma das t\u00e9cnicas mais aplicadas no mundo dos neg\u00f3cios para gest\u00e3o do tempo. Empreendedores digitais tam\u00e9m podem utilizar a t\u00e9cnica.\",\"breadcrumb\":{\"@id\":\"https:\/\/www.seescontabilidade.com.br\/blog\/gestao-do-tempo\/#breadcrumb\"},\"inLanguage\":\"pt-BR\",\"potentialAction\":[{\"@type\":\"ReadAction\",\"target\":[\"https:\/\/www.seescontabilidade.com.br\/blog\/gestao-do-tempo\/\"]}]},{\"@type\":\"BreadcrumbList\",\"@id\":\"https:\/\/www.seescontabilidade.com.br\/blog\/gestao-do-tempo\/#breadcrumb\",\"itemListElement\":[{\"@type\":\"ListItem\",\"position\":1,\"name\":\"In\u00edcio\",\"item\":\"https:\/\/www.seescontabilidade.com.br\/blog\/\"},{\"@type\":\"ListItem\",\"position\":2,\"name\":\"Como fazer a gest\u00e3o do tempo como empreendedor digital?\"}]},{\"@type\":\"WebSite\",\"@id\":\"https:\/\/www.seescontabilidade.com.br\/blog\/#website\",\"url\":\"https:\/\/www.seescontabilidade.com.br\/blog\/\",\"name\":\"SeeS Contabilidade Online\",\"description\":\"Sob medida para prestadores de servi\u00e7os\",\"publisher\":{\"@id\":\"https:\/\/www.seescontabilidade.com.br\/blog\/#organization\"},\"potentialAction\":[{\"@type\":\"SearchAction\",\"target\":{\"@type\":\"EntryPoint\",\"urlTemplate\":\"https:\/\/www.seescontabilidade.com.br\/blog\/?s={search_term_string}\"},\"query-input\":\"required name=search_term_string\"}],\"inLanguage\":\"pt-BR\"},{\"@type\":\"Organization\",\"@id\":\"https:\/\/www.seescontabilidade.com.br\/blog\/#organization\",\"name\":\"SeeS Contabilidade\",\"url\":\"https:\/\/www.seescontabilidade.com.br\/blog\/\",\"logo\":{\"@type\":\"ImageObject\",\"inLanguage\":\"pt-BR\",\"@id\":\"https:\/\/www.seescontabilidade.com.br\/blog\/#\/schema\/logo\/image\/\",\"url\":\"https:\/\/www.seescontabilidade.com.br\/blog\/wp-content\/uploads\/2021\/08\/logo-login.png\",\"contentUrl\":\"https:\/\/www.seescontabilidade.com.br\/blog\/wp-content\/uploads\/2021\/08\/logo-login.png\",\"width\":139,\"height\":66,\"caption\":\"SeeS Contabilidade\"},\"image\":{\"@id\":\"https:\/\/www.seescontabilidade.com.br\/blog\/#\/schema\/logo\/image\/\"},\"sameAs\":[\"https:\/\/www.facebook.com\/seescontabilidade\/\",\"https:\/\/twitter.com\/seescontabil\",\"https:\/\/www.instagram.com\/seescontabilidade\/\"]},{\"@type\":\"Person\",\"@id\":\"https:\/\/www.seescontabilidade.com.br\/blog\/#\/schema\/person\/964ba05247f5254f09bfb674cd475dc2\",\"name\":\"SeeS Contabilidade Online\",\"image\":{\"@type\":\"ImageObject\",\"inLanguage\":\"pt-BR\",\"@id\":\"https:\/\/www.seescontabilidade.com.br\/blog\/#\/schema\/person\/image\/\",\"url\":\"https:\/\/secure.gravatar.com\/avatar\/b7c5444bf01aa3c0c8f9a5e305ea0edf?s=96&d=mm&r=g\",\"contentUrl\":\"https:\/\/secure.gravatar.com\/avatar\/b7c5444bf01aa3c0c8f9a5e305ea0edf?s=96&d=mm&r=g\",\"caption\":\"SeeS Contabilidade Online\"},\"description\":\"Em tudo o que realizamos, acreditamos que a contabilidade da sua empresa pode ser uma tarefa simples, segura e com custo acess\u00edvel. A forma que encontramos para que isso seja poss\u00edvel foi criando processos, otimizando recursos e focando exclusivamente em micro e pequenos prestadores de servi\u00e7os. O resultado \u00e9 uma contabilidade sob medida para voc\u00ea que t\u00eam muitas prioridades, valoriza seu tempo e dinheiro. Convidamos voc\u00ea para tamb\u00e9m fazer parte dessa hist\u00f3ria!\",\"sameAs\":[\"http:\/\/www.seescontabilidade.com.br\"],\"url\":\"https:\/\/www.seescontabilidade.com.br\/blog\/author\/sees\/\"}]}<\/script>\n<!-- \/ Yoast SEO plugin. -->","yoast_head_json":{"title":"Gest\u00e3o do tempo: O que \u00e9 e como utilizar no seu neg\u00f3cio digital?","description":"Aqui est\u00e1 uma das t\u00e9cnicas mais aplicadas no mundo dos neg\u00f3cios para gest\u00e3o do tempo. Empreendedores digitais tam\u00e9m podem utilizar a t\u00e9cnica.","robots":{"index":"index","follow":"follow","max-snippet":"max-snippet:-1","max-image-preview":"max-image-preview:large","max-video-preview":"max-video-preview:-1"},"canonical":"https:\/\/www.seescontabilidade.com.br\/blog\/gestao-do-tempo\/","og_locale":"pt_BR","og_type":"article","og_title":"Gest\u00e3o do tempo: O que \u00e9 e como utilizar no seu neg\u00f3cio digital?","og_description":"Aqui est\u00e1 uma das t\u00e9cnicas mais aplicadas no mundo dos neg\u00f3cios para gest\u00e3o do tempo. Empreendedores digitais tam\u00e9m podem utilizar a t\u00e9cnica.","og_url":"https:\/\/www.seescontabilidade.com.br\/blog\/gestao-do-tempo\/","og_site_name":"SeeS Contabilidade Online","article_publisher":"https:\/\/www.facebook.com\/seescontabilidade\/","article_published_time":"2022-10-26T20:59:07+00:00","article_modified_time":"2022-11-16T20:03:21+00:00","og_image":[{"width":750,"height":410,"url":"https:\/\/www.seescontabilidade.com.br\/blog\/wp-content\/uploads\/2022\/10\/Capa.webp","type":"image\/webp"}],"author":"SeeS Contabilidade Online","twitter_card":"summary_large_image","twitter_creator":"@seescontabil","twitter_site":"@seescontabil","twitter_misc":{"Escrito por":"SeeS Contabilidade Online","Est. tempo de leitura":"6 minutos"},"schema":{"@context":"https:\/\/schema.org","@graph":[{"@type":"Article","@id":"https:\/\/www.seescontabilidade.com.br\/blog\/gestao-do-tempo\/#article","isPartOf":{"@id":"https:\/\/www.seescontabilidade.com.br\/blog\/gestao-do-tempo\/"},"author":{"name":"SeeS Contabilidade Online","@id":"https:\/\/www.seescontabilidade.com.br\/blog\/#\/schema\/person\/964ba05247f5254f09bfb674cd475dc2"},"headline":"Como fazer a gest\u00e3o do tempo como empreendedor digital?","datePublished":"2022-10-26T20:59:07+00:00","dateModified":"2022-11-16T20:03:21+00:00","mainEntityOfPage":{"@id":"https:\/\/www.seescontabilidade.com.br\/blog\/gestao-do-tempo\/"},"wordCount":1127,"commentCount":0,"publisher":{"@id":"https:\/\/www.seescontabilidade.com.br\/blog\/#organization"},"articleSection":["Contabilidade"],"inLanguage":"pt-BR","potentialAction":[{"@type":"CommentAction","name":"Comment","target":["https:\/\/www.seescontabilidade.com.br\/blog\/gestao-do-tempo\/#respond"]}]},{"@type":"WebPage","@id":"https:\/\/www.seescontabilidade.com.br\/blog\/gestao-do-tempo\/","url":"https:\/\/www.seescontabilidade.com.br\/blog\/gestao-do-tempo\/","name":"Gest\u00e3o do tempo: O que \u00e9 e como utilizar no seu neg\u00f3cio digital?","isPartOf":{"@id":"https:\/\/www.seescontabilidade.com.br\/blog\/#website"},"datePublished":"2022-10-26T20:59:07+00:00","dateModified":"2022-11-16T20:03:21+00:00","description":"Aqui est\u00e1 uma das t\u00e9cnicas mais aplicadas no mundo dos neg\u00f3cios para gest\u00e3o do tempo. Empreendedores digitais tam\u00e9m podem utilizar a t\u00e9cnica.","breadcrumb":{"@id":"https:\/\/www.seescontabilidade.com.br\/blog\/gestao-do-tempo\/#breadcrumb"},"inLanguage":"pt-BR","potentialAction":[{"@type":"ReadAction","target":["https:\/\/www.seescontabilidade.com.br\/blog\/gestao-do-tempo\/"]}]},{"@type":"BreadcrumbList","@id":"https:\/\/www.seescontabilidade.com.br\/blog\/gestao-do-tempo\/#breadcrumb","itemListElement":[{"@type":"ListItem","position":1,"name":"In\u00edcio","item":"https:\/\/www.seescontabilidade.com.br\/blog\/"},{"@type":"ListItem","position":2,"name":"Como fazer a gest\u00e3o do tempo como empreendedor digital?"}]},{"@type":"WebSite","@id":"https:\/\/www.seescontabilidade.com.br\/blog\/#website","url":"https:\/\/www.seescontabilidade.com.br\/blog\/","name":"SeeS Contabilidade Online","description":"Sob medida para prestadores de servi\u00e7os","publisher":{"@id":"https:\/\/www.seescontabilidade.com.br\/blog\/#organization"},"potentialAction":[{"@type":"SearchAction","target":{"@type":"EntryPoint","urlTemplate":"https:\/\/www.seescontabilidade.com.br\/blog\/?s={search_term_string}"},"query-input":"required name=search_term_string"}],"inLanguage":"pt-BR"},{"@type":"Organization","@id":"https:\/\/www.seescontabilidade.com.br\/blog\/#organization","name":"SeeS Contabilidade","url":"https:\/\/www.seescontabilidade.com.br\/blog\/","logo":{"@type":"ImageObject","inLanguage":"pt-BR","@id":"https:\/\/www.seescontabilidade.com.br\/blog\/#\/schema\/logo\/image\/","url":"https:\/\/www.seescontabilidade.com.br\/blog\/wp-content\/uploads\/2021\/08\/logo-login.png","contentUrl":"https:\/\/www.seescontabilidade.com.br\/blog\/wp-content\/uploads\/2021\/08\/logo-login.png","width":139,"height":66,"caption":"SeeS Contabilidade"},"image":{"@id":"https:\/\/www.seescontabilidade.com.br\/blog\/#\/schema\/logo\/image\/"},"sameAs":["https:\/\/www.facebook.com\/seescontabilidade\/","https:\/\/twitter.com\/seescontabil","https:\/\/www.instagram.com\/seescontabilidade\/"]},{"@type":"Person","@id":"https:\/\/www.seescontabilidade.com.br\/blog\/#\/schema\/person\/964ba05247f5254f09bfb674cd475dc2","name":"SeeS Contabilidade Online","image":{"@type":"ImageObject","inLanguage":"pt-BR","@id":"https:\/\/www.seescontabilidade.com.br\/blog\/#\/schema\/person\/image\/","url":"https:\/\/secure.gravatar.com\/avatar\/b7c5444bf01aa3c0c8f9a5e305ea0edf?s=96&d=mm&r=g","contentUrl":"https:\/\/secure.gravatar.com\/avatar\/b7c5444bf01aa3c0c8f9a5e305ea0edf?s=96&d=mm&r=g","caption":"SeeS Contabilidade Online"},"description":"Em tudo o que realizamos, acreditamos que a contabilidade da sua empresa pode ser uma tarefa simples, segura e com custo acess\u00edvel. A forma que encontramos para que isso seja poss\u00edvel foi criando processos, otimizando recursos e focando exclusivamente em micro e pequenos prestadores de servi\u00e7os. O resultado \u00e9 uma contabilidade sob medida para voc\u00ea que t\u00eam muitas prioridades, valoriza seu tempo e dinheiro. Convidamos voc\u00ea para tamb\u00e9m fazer parte dessa hist\u00f3ria!","sameAs":["http:\/\/www.seescontabilidade.com.br"],"url":"https:\/\/www.seescontabilidade.com.br\/blog\/author\/sees\/"}]}},"_links":{"self":[{"href":"https:\/\/www.seescontabilidade.com.br\/blog\/wp-json\/wp\/v2\/posts\/726"}],"collection":[{"href":"https:\/\/www.seescontabilidade.com.br\/blog\/wp-json\/wp\/v2\/posts"}],"about":[{"href":"https:\/\/www.seescontabilidade.com.br\/blog\/wp-json\/wp\/v2\/types\/post"}],"author":[{"embeddable":true,"href":"https:\/\/www.seescontabilidade.com.br\/blog\/wp-json\/wp\/v2\/users\/1"}],"replies":[{"embeddable":true,"href":"https:\/\/www.seescontabilidade.com.br\/blog\/wp-json\/wp\/v2\/comments?post=726"}],"version-history":[{"count":3,"href":"https:\/\/www.seescontabilidade.com.br\/blog\/wp-json\/wp\/v2\/posts\/726\/revisions"}],"predecessor-version":[{"id":752,"href":"https:\/\/www.seescontabilidade.com.br\/blog\/wp-json\/wp\/v2\/posts\/726\/revisions\/752"}],"wp:featuredmedia":[{"embeddable":true,"href":"https:\/\/www.seescontabilidade.com.br\/blog\/wp-json\/wp\/v2\/media\/737"}],"wp:attachment":[{"href":"https:\/\/www.seescontabilidade.com.br\/blog\/wp-json\/wp\/v2\/media?parent=726"}],"wp:term":[{"taxonomy":"category","embeddable":true,"href":"https:\/\/www.seescontabilidade.com.br\/blog\/wp-json\/wp\/v2\/categories?post=726"},{"taxonomy":"post_tag","embeddable":true,"href":"https:\/\/www.seescontabilidade.com.br\/blog\/wp-json\/wp\/v2\/tags?post=726"}],"curies":[{"name":"wp","href":"https:\/\/api.w.org\/{rel}","templated":true}]}}