{"id":592,"date":"2022-03-24T08:55:13","date_gmt":"2022-03-24T11:55:13","guid":{"rendered":"https:\/\/www.seescontabilidade.com.br\/blog\/?p=592"},"modified":"2022-08-17T12:12:27","modified_gmt":"2022-08-17T15:12:27","slug":"eireli-acabou-e-agora","status":"publish","type":"post","link":"https:\/\/www.seescontabilidade.com.br\/blog\/eireli-acabou-e-agora\/","title":{"rendered":"EIRELI acabou, e agora?"},"content":{"rendered":"\n<p>Em agosto de 2021, foi publicada a Lei n\u00ba 14.195\/21, que trouxe uma grande mudan\u00e7a na vida de milhares de empreendedores em todo o Brasil: o fim da Empresa Individual de Responsabilidade Limitada. \u201cA <strong>Eireli acabou<\/strong>, e agora?\u201d \u00c9 o que muita gente anda se questionando por a\u00ed desde o ano passado.<\/p>\n\n\n\n<p>Neste artigo, aqui no blog da SeeS, a gente vai te explicar tudo o que voc\u00ea precisa saber sobre o <strong>fim da Eireli<\/strong>, os motivos que levaram \u00e0 sua extin\u00e7\u00e3o e, claro, o que fazer diante deste cen\u00e1rio. Bora l\u00e1?!<\/p>\n\n\n\n<p><\/p>\n\n\n\n<h2 class=\"wp-block-heading\"><strong>O que era a EIRELI?<\/strong><\/h2>\n\n\n\n<p><\/p>\n\n\n\n<p>Eireli \u00e9 a sigla para \u201c<strong>Empresa Individual de Responsabilidade Limitada<\/strong>\u201d. Criada em 2011, ela foi desenvolvida especialmente para aquelas empresas compostas por um \u00fanico s\u00f3cio respons\u00e1vel, mas tamb\u00e9m para corrigir algumas distor\u00e7\u00f5es que existiam na abertura de empresas no Brasil, a principal delas sendo a exist\u00eancia do chamado \u201cs\u00f3cio fantasma\u201d.<\/p>\n\n\n\n<p>Isso acontecia porque muitos empreendedores gostariam de abrir a sua empresa de maneira individual (sem a necessidade de um s\u00f3cio), mas n\u00e3o se enquadravam em regimes como o MEI (Micro Empreendedor Individual) ou EI (Empres\u00e1rio Individual).<\/p>\n\n\n\n<p>A partir disso, muitos decidiam optar por uma sociedade limitada e incluir um \u201cs\u00f3cio fantasma\u201d, que assinava como s\u00f3cio na empresa, mas normalmente detinha apenas 1% de participa\u00e7\u00e3o (a situa\u00e7\u00e3o era expl\u00edcita, mas dentro da lei). A partir disso, a Eireli foi criada permitindo a abertura de empresas com apenas um respons\u00e1vel legal, sem limite de faturamento e sem atrelar o patrim\u00f4nio pessoal \u00e0 empresa, diferentemente do EI.<\/p>\n\n\n\n<p><\/p>\n\n\n\n<h2 class=\"wp-block-heading\"><strong>Porque Eireli foi extinta?<\/strong><\/h2>\n\n\n\n<p><\/p>\n\n\n\n<p>A Eireli acabou por um \u201csimples\u201d motivo: a exig\u00eancia do capital social m\u00ednimo n\u00e3o a tornava t\u00e3o interessante. Para abrir uma Empresa Individual de Responsabilidade Limitada era necess\u00e1rio compor um capital social equivalente a 100 sal\u00e1rios m\u00ednimos, em torno de R$ 110 mil em 2021, ano no qual o regime foi extinto.<\/p>\n\n\n\n<p>Esse valor, considerado extremamente alto por muitos empreendedores, precisava ser depositado na conta da empresa ou composto por bens transferidos para a pessoa jur\u00eddica.<\/p>\n\n\n\n<p>\u201cMas e quem n\u00e3o tinha este valor em caixa?\u201d Muitos empres\u00e1rios que n\u00e3o tinham essa quantia em caixa recorreram ao s\u00f3cio fantasma, \u00e0s outras naturezas jur\u00eddicas individuais ou, ainda pior, abriram a Eireli sem os dep\u00f3sitos necess\u00e1rios &#8211; o que gerou uma enorme inseguran\u00e7a para o regime!<\/p>\n\n\n\n<p>Em meio a este cen\u00e1rio, foi aprovada a Medida Provis\u00f3ria da Liberdade Econ\u00f4mica que posteriormente, foi convertida na Lei 13.874\/2019, que colocou em vigor a Sociedade Unipessoal Limitada (SLU).<\/p>\n\n\n\n<p>Com o surgimento da SLU, em 2019, a EIRELI consequentemente foi perdendo a relev\u00e2ncia at\u00e9 a sua extin\u00e7\u00e3o, em agosto de 2021. Isso porque a SLU oferece a mesma seguran\u00e7a jur\u00eddica que uma sociedade, mas podendo ser o s\u00f3cio \u00fanico da empresa. Al\u00e9m disso, ela veio oferecendo a possibilidade de ter mais de uma empresa neste formato e ainda sem um valor de capital social m\u00ednimo, que era a principal desvantagem da EIRELI.<\/p>\n\n\n\n<p>Em outras palavras, a SLU, n\u00e3o define um limite m\u00ednimo de Capital Social, ou seja, \u00e9 poss\u00edvel abrir um neg\u00f3cio dentro deste regime com \u201cqualquer valor\u201d, o que facilita &#8211; e muito &#8211; a vida de muitos empreendedores iniciantes.<\/p>\n\n\n\n<p><\/p>\n\n\n\n<h4 class=\"wp-block-heading\"><strong>Leia tamb\u00e9m:<\/strong> <a href=\"https:\/\/www.seescontabilidade.com.br\/blog\/como-se-enquadrar-no-regime-do-simples-nacional\/\" target=\"_blank\" rel=\"noreferrer noopener\">Como se enquadrar no regime do Simples Nacional?<\/a><\/h4>\n\n\n\n<p><\/p>\n\n\n\n<h2 class=\"wp-block-heading\"><strong>O que mudou ap\u00f3s o fim da EIRELI?<\/strong><\/h2>\n\n\n\n<p><\/p>\n\n\n\n<p>Atualmente j\u00e1 n\u00e3o \u00e9 mais poss\u00edvel abrir uma Empresa Individual de Responsabilidade Limitada, e todas as empresas que se enquadravam no regime foram transformadas em Sociedades Limitadas Unipessoais.<\/p>\n\n\n\n<p>Veja&nbsp; o que diz o artigo 41 do cap\u00edtulo IX da Lei 14.195:<\/p>\n\n\n\n<p><em>\u201cAs empresas individuais de responsabilidade limitada existentes na data da entrada em vigor desta Lei ser\u00e3o transformadas em sociedades limitadas unipessoais independentemente de qualquer altera\u00e7\u00e3o em seu ato constitutivo.\u201d<\/em><\/p>\n\n\n\n<p><\/p>\n\n\n\n<h4 class=\"wp-block-heading\"><strong>Veja tamb\u00e9m: <\/strong><\/h4>\n\n\n\n<p><\/p>\n\n\n\n<figure class=\"wp-block-embed is-type-video is-provider-youtube wp-block-embed-youtube wp-embed-aspect-16-9 wp-has-aspect-ratio\"><div class=\"wp-block-embed__wrapper\">\n<iframe title=\"Por que 2022 \u00e9 o melhor ano para abrir a sua Empresa de Servi\u00e7o?\" width=\"980\" height=\"551\" src=\"https:\/\/www.youtube.com\/embed\/rApHL5T30U4?start=1&#038;feature=oembed\" frameborder=\"0\" allow=\"accelerometer; autoplay; clipboard-write; encrypted-media; gyroscope; picture-in-picture\" allowfullscreen><\/iframe>\n<\/div><\/figure>\n\n\n\n<p><\/p>\n\n\n\n<h2 class=\"wp-block-heading\"><strong>EIRELI acabou, e agora?<\/strong><\/h2>\n\n\n\n<p><\/p>\n\n\n\n<p>Se voc\u00ea foi instru\u00eddo a abrir uma empresa EIRELI e se deparou com a sua extin\u00e7\u00e3o, voc\u00ea pode formalizar uma Sociedade Limitada Unipessoal, sem a necessidade de ter capital de 100 sal\u00e1rios m\u00ednimos vigentes no momento de abertura!<\/p>\n\n\n\n<p>Agora que voc\u00ea j\u00e1 sabe que a EIRELI acabou e o que fazer diante deste cen\u00e1rio, visite o blog da SeeS Contabilidade Online e tenha acesso a v\u00e1rios outros conte\u00fados que podem te ajudar no seu dia a dia.<\/p>\n","protected":false},"excerpt":{"rendered":"<p>Em agosto de 2021, foi publicada a Lei n\u00ba 14.195\/21, que trouxe uma grande mudan\u00e7a na vida de milhares de empreendedores em todo o Brasil: o fim da Empresa Individual de Responsabilidade Limitada. \u201cA Eireli acabou, e agora?\u201d \u00c9 o que muita gente anda se questionando por a\u00ed desde o ano passado. Neste artigo, aqui [&hellip;]<\/p>\n","protected":false},"author":1,"featured_media":593,"comment_status":"open","ping_status":"open","sticky":false,"template":"","format":"standard","meta":{"_acf_changed":false,"footnotes":""},"categories":[6,1],"tags":[],"acf":[],"yoast_head":"<!-- This site is optimized with the Yoast SEO plugin v22.1 - https:\/\/yoast.com\/wordpress\/plugins\/seo\/ -->\n<title>EIRELI acabou, e agora? Veja tudo que mudou - SeeS Contabilidade<\/title>\n<meta name=\"description\" content=\"\u201cA Eireli acabou, e agora?\u201d \u00c9 o que muita gente anda se questionando por a\u00ed desde o ano passado. Clique aqui e entenda o que mudou desde ent\u00e3o.\" \/>\n<meta name=\"robots\" content=\"index, follow, max-snippet:-1, max-image-preview:large, max-video-preview:-1\" \/>\n<link rel=\"canonical\" href=\"https:\/\/www.seescontabilidade.com.br\/blog\/eireli-acabou-e-agora\/\" \/>\n<meta property=\"og:locale\" content=\"pt_BR\" \/>\n<meta property=\"og:type\" content=\"article\" \/>\n<meta property=\"og:title\" content=\"EIRELI acabou, e agora? Veja tudo que mudou - SeeS Contabilidade\" \/>\n<meta property=\"og:description\" content=\"\u201cA Eireli acabou, e agora?\u201d \u00c9 o que muita gente anda se questionando por a\u00ed desde o ano passado. Clique aqui e entenda o que mudou desde ent\u00e3o.\" \/>\n<meta property=\"og:url\" content=\"https:\/\/www.seescontabilidade.com.br\/blog\/eireli-acabou-e-agora\/\" \/>\n<meta property=\"og:site_name\" content=\"SeeS Contabilidade Online\" \/>\n<meta property=\"article:publisher\" content=\"https:\/\/www.facebook.com\/seescontabilidade\/\" \/>\n<meta property=\"article:published_time\" content=\"2022-03-24T11:55:13+00:00\" \/>\n<meta property=\"article:modified_time\" content=\"2022-08-17T15:12:27+00:00\" \/>\n<meta property=\"og:image\" content=\"https:\/\/www.seescontabilidade.com.br\/blog\/wp-content\/uploads\/2022\/03\/CAPA-EIRELI.png\" \/>\n\t<meta property=\"og:image:width\" content=\"750\" \/>\n\t<meta property=\"og:image:height\" content=\"410\" \/>\n\t<meta property=\"og:image:type\" content=\"image\/png\" \/>\n<meta name=\"author\" content=\"SeeS Contabilidade Online\" \/>\n<meta name=\"twitter:card\" content=\"summary_large_image\" \/>\n<meta name=\"twitter:creator\" content=\"@seescontabil\" \/>\n<meta name=\"twitter:site\" content=\"@seescontabil\" \/>\n<meta name=\"twitter:label1\" content=\"Escrito por\" \/>\n\t<meta name=\"twitter:data1\" content=\"SeeS Contabilidade Online\" \/>\n\t<meta name=\"twitter:label2\" content=\"Est. tempo de leitura\" \/>\n\t<meta name=\"twitter:data2\" content=\"4 minutos\" \/>\n<script type=\"application\/ld+json\" class=\"yoast-schema-graph\">{\"@context\":\"https:\/\/schema.org\",\"@graph\":[{\"@type\":\"Article\",\"@id\":\"https:\/\/www.seescontabilidade.com.br\/blog\/eireli-acabou-e-agora\/#article\",\"isPartOf\":{\"@id\":\"https:\/\/www.seescontabilidade.com.br\/blog\/eireli-acabou-e-agora\/\"},\"author\":{\"name\":\"SeeS Contabilidade Online\",\"@id\":\"https:\/\/www.seescontabilidade.com.br\/blog\/#\/schema\/person\/964ba05247f5254f09bfb674cd475dc2\"},\"headline\":\"EIRELI acabou, e agora?\",\"datePublished\":\"2022-03-24T11:55:13+00:00\",\"dateModified\":\"2022-08-17T15:12:27+00:00\",\"mainEntityOfPage\":{\"@id\":\"https:\/\/www.seescontabilidade.com.br\/blog\/eireli-acabou-e-agora\/\"},\"wordCount\":752,\"commentCount\":2,\"publisher\":{\"@id\":\"https:\/\/www.seescontabilidade.com.br\/blog\/#organization\"},\"articleSection\":[\"Abertura de empresa\",\"Contabilidade\"],\"inLanguage\":\"pt-BR\",\"potentialAction\":[{\"@type\":\"CommentAction\",\"name\":\"Comment\",\"target\":[\"https:\/\/www.seescontabilidade.com.br\/blog\/eireli-acabou-e-agora\/#respond\"]}]},{\"@type\":\"WebPage\",\"@id\":\"https:\/\/www.seescontabilidade.com.br\/blog\/eireli-acabou-e-agora\/\",\"url\":\"https:\/\/www.seescontabilidade.com.br\/blog\/eireli-acabou-e-agora\/\",\"name\":\"EIRELI acabou, e agora? Veja tudo que mudou - SeeS Contabilidade\",\"isPartOf\":{\"@id\":\"https:\/\/www.seescontabilidade.com.br\/blog\/#website\"},\"datePublished\":\"2022-03-24T11:55:13+00:00\",\"dateModified\":\"2022-08-17T15:12:27+00:00\",\"description\":\"\u201cA Eireli acabou, e agora?\u201d \u00c9 o que muita gente anda se questionando por a\u00ed desde o ano passado. Clique aqui e entenda o que mudou desde ent\u00e3o.\",\"breadcrumb\":{\"@id\":\"https:\/\/www.seescontabilidade.com.br\/blog\/eireli-acabou-e-agora\/#breadcrumb\"},\"inLanguage\":\"pt-BR\",\"potentialAction\":[{\"@type\":\"ReadAction\",\"target\":[\"https:\/\/www.seescontabilidade.com.br\/blog\/eireli-acabou-e-agora\/\"]}]},{\"@type\":\"BreadcrumbList\",\"@id\":\"https:\/\/www.seescontabilidade.com.br\/blog\/eireli-acabou-e-agora\/#breadcrumb\",\"itemListElement\":[{\"@type\":\"ListItem\",\"position\":1,\"name\":\"In\u00edcio\",\"item\":\"https:\/\/www.seescontabilidade.com.br\/blog\/\"},{\"@type\":\"ListItem\",\"position\":2,\"name\":\"EIRELI acabou, e agora?\"}]},{\"@type\":\"WebSite\",\"@id\":\"https:\/\/www.seescontabilidade.com.br\/blog\/#website\",\"url\":\"https:\/\/www.seescontabilidade.com.br\/blog\/\",\"name\":\"SeeS Contabilidade Online\",\"description\":\"Sob medida para prestadores de servi\u00e7os\",\"publisher\":{\"@id\":\"https:\/\/www.seescontabilidade.com.br\/blog\/#organization\"},\"potentialAction\":[{\"@type\":\"SearchAction\",\"target\":{\"@type\":\"EntryPoint\",\"urlTemplate\":\"https:\/\/www.seescontabilidade.com.br\/blog\/?s={search_term_string}\"},\"query-input\":\"required name=search_term_string\"}],\"inLanguage\":\"pt-BR\"},{\"@type\":\"Organization\",\"@id\":\"https:\/\/www.seescontabilidade.com.br\/blog\/#organization\",\"name\":\"SeeS Contabilidade\",\"url\":\"https:\/\/www.seescontabilidade.com.br\/blog\/\",\"logo\":{\"@type\":\"ImageObject\",\"inLanguage\":\"pt-BR\",\"@id\":\"https:\/\/www.seescontabilidade.com.br\/blog\/#\/schema\/logo\/image\/\",\"url\":\"https:\/\/www.seescontabilidade.com.br\/blog\/wp-content\/uploads\/2021\/08\/logo-login.png\",\"contentUrl\":\"https:\/\/www.seescontabilidade.com.br\/blog\/wp-content\/uploads\/2021\/08\/logo-login.png\",\"width\":139,\"height\":66,\"caption\":\"SeeS Contabilidade\"},\"image\":{\"@id\":\"https:\/\/www.seescontabilidade.com.br\/blog\/#\/schema\/logo\/image\/\"},\"sameAs\":[\"https:\/\/www.facebook.com\/seescontabilidade\/\",\"https:\/\/twitter.com\/seescontabil\",\"https:\/\/www.instagram.com\/seescontabilidade\/\"]},{\"@type\":\"Person\",\"@id\":\"https:\/\/www.seescontabilidade.com.br\/blog\/#\/schema\/person\/964ba05247f5254f09bfb674cd475dc2\",\"name\":\"SeeS Contabilidade Online\",\"image\":{\"@type\":\"ImageObject\",\"inLanguage\":\"pt-BR\",\"@id\":\"https:\/\/www.seescontabilidade.com.br\/blog\/#\/schema\/person\/image\/\",\"url\":\"https:\/\/secure.gravatar.com\/avatar\/b7c5444bf01aa3c0c8f9a5e305ea0edf?s=96&d=mm&r=g\",\"contentUrl\":\"https:\/\/secure.gravatar.com\/avatar\/b7c5444bf01aa3c0c8f9a5e305ea0edf?s=96&d=mm&r=g\",\"caption\":\"SeeS Contabilidade Online\"},\"description\":\"Em tudo o que realizamos, acreditamos que a contabilidade da sua empresa pode ser uma tarefa simples, segura e com custo acess\u00edvel. A forma que encontramos para que isso seja poss\u00edvel foi criando processos, otimizando recursos e focando exclusivamente em micro e pequenos prestadores de servi\u00e7os. O resultado \u00e9 uma contabilidade sob medida para voc\u00ea que t\u00eam muitas prioridades, valoriza seu tempo e dinheiro. Convidamos voc\u00ea para tamb\u00e9m fazer parte dessa hist\u00f3ria!\",\"sameAs\":[\"http:\/\/www.seescontabilidade.com.br\"],\"url\":\"https:\/\/www.seescontabilidade.com.br\/blog\/author\/sees\/\"}]}<\/script>\n<!-- \/ Yoast SEO plugin. -->","yoast_head_json":{"title":"EIRELI acabou, e agora? Veja tudo que mudou - SeeS Contabilidade","description":"\u201cA Eireli acabou, e agora?\u201d \u00c9 o que muita gente anda se questionando por a\u00ed desde o ano passado. Clique aqui e entenda o que mudou desde ent\u00e3o.","robots":{"index":"index","follow":"follow","max-snippet":"max-snippet:-1","max-image-preview":"max-image-preview:large","max-video-preview":"max-video-preview:-1"},"canonical":"https:\/\/www.seescontabilidade.com.br\/blog\/eireli-acabou-e-agora\/","og_locale":"pt_BR","og_type":"article","og_title":"EIRELI acabou, e agora? Veja tudo que mudou - SeeS Contabilidade","og_description":"\u201cA Eireli acabou, e agora?\u201d \u00c9 o que muita gente anda se questionando por a\u00ed desde o ano passado. Clique aqui e entenda o que mudou desde ent\u00e3o.","og_url":"https:\/\/www.seescontabilidade.com.br\/blog\/eireli-acabou-e-agora\/","og_site_name":"SeeS Contabilidade Online","article_publisher":"https:\/\/www.facebook.com\/seescontabilidade\/","article_published_time":"2022-03-24T11:55:13+00:00","article_modified_time":"2022-08-17T15:12:27+00:00","og_image":[{"width":750,"height":410,"url":"https:\/\/www.seescontabilidade.com.br\/blog\/wp-content\/uploads\/2022\/03\/CAPA-EIRELI.png","type":"image\/png"}],"author":"SeeS Contabilidade Online","twitter_card":"summary_large_image","twitter_creator":"@seescontabil","twitter_site":"@seescontabil","twitter_misc":{"Escrito por":"SeeS Contabilidade Online","Est. tempo de leitura":"4 minutos"},"schema":{"@context":"https:\/\/schema.org","@graph":[{"@type":"Article","@id":"https:\/\/www.seescontabilidade.com.br\/blog\/eireli-acabou-e-agora\/#article","isPartOf":{"@id":"https:\/\/www.seescontabilidade.com.br\/blog\/eireli-acabou-e-agora\/"},"author":{"name":"SeeS Contabilidade Online","@id":"https:\/\/www.seescontabilidade.com.br\/blog\/#\/schema\/person\/964ba05247f5254f09bfb674cd475dc2"},"headline":"EIRELI acabou, e agora?","datePublished":"2022-03-24T11:55:13+00:00","dateModified":"2022-08-17T15:12:27+00:00","mainEntityOfPage":{"@id":"https:\/\/www.seescontabilidade.com.br\/blog\/eireli-acabou-e-agora\/"},"wordCount":752,"commentCount":2,"publisher":{"@id":"https:\/\/www.seescontabilidade.com.br\/blog\/#organization"},"articleSection":["Abertura de empresa","Contabilidade"],"inLanguage":"pt-BR","potentialAction":[{"@type":"CommentAction","name":"Comment","target":["https:\/\/www.seescontabilidade.com.br\/blog\/eireli-acabou-e-agora\/#respond"]}]},{"@type":"WebPage","@id":"https:\/\/www.seescontabilidade.com.br\/blog\/eireli-acabou-e-agora\/","url":"https:\/\/www.seescontabilidade.com.br\/blog\/eireli-acabou-e-agora\/","name":"EIRELI acabou, e agora? Veja tudo que mudou - SeeS Contabilidade","isPartOf":{"@id":"https:\/\/www.seescontabilidade.com.br\/blog\/#website"},"datePublished":"2022-03-24T11:55:13+00:00","dateModified":"2022-08-17T15:12:27+00:00","description":"\u201cA Eireli acabou, e agora?\u201d \u00c9 o que muita gente anda se questionando por a\u00ed desde o ano passado. Clique aqui e entenda o que mudou desde ent\u00e3o.","breadcrumb":{"@id":"https:\/\/www.seescontabilidade.com.br\/blog\/eireli-acabou-e-agora\/#breadcrumb"},"inLanguage":"pt-BR","potentialAction":[{"@type":"ReadAction","target":["https:\/\/www.seescontabilidade.com.br\/blog\/eireli-acabou-e-agora\/"]}]},{"@type":"BreadcrumbList","@id":"https:\/\/www.seescontabilidade.com.br\/blog\/eireli-acabou-e-agora\/#breadcrumb","itemListElement":[{"@type":"ListItem","position":1,"name":"In\u00edcio","item":"https:\/\/www.seescontabilidade.com.br\/blog\/"},{"@type":"ListItem","position":2,"name":"EIRELI acabou, e agora?"}]},{"@type":"WebSite","@id":"https:\/\/www.seescontabilidade.com.br\/blog\/#website","url":"https:\/\/www.seescontabilidade.com.br\/blog\/","name":"SeeS Contabilidade Online","description":"Sob medida para prestadores de servi\u00e7os","publisher":{"@id":"https:\/\/www.seescontabilidade.com.br\/blog\/#organization"},"potentialAction":[{"@type":"SearchAction","target":{"@type":"EntryPoint","urlTemplate":"https:\/\/www.seescontabilidade.com.br\/blog\/?s={search_term_string}"},"query-input":"required name=search_term_string"}],"inLanguage":"pt-BR"},{"@type":"Organization","@id":"https:\/\/www.seescontabilidade.com.br\/blog\/#organization","name":"SeeS Contabilidade","url":"https:\/\/www.seescontabilidade.com.br\/blog\/","logo":{"@type":"ImageObject","inLanguage":"pt-BR","@id":"https:\/\/www.seescontabilidade.com.br\/blog\/#\/schema\/logo\/image\/","url":"https:\/\/www.seescontabilidade.com.br\/blog\/wp-content\/uploads\/2021\/08\/logo-login.png","contentUrl":"https:\/\/www.seescontabilidade.com.br\/blog\/wp-content\/uploads\/2021\/08\/logo-login.png","width":139,"height":66,"caption":"SeeS Contabilidade"},"image":{"@id":"https:\/\/www.seescontabilidade.com.br\/blog\/#\/schema\/logo\/image\/"},"sameAs":["https:\/\/www.facebook.com\/seescontabilidade\/","https:\/\/twitter.com\/seescontabil","https:\/\/www.instagram.com\/seescontabilidade\/"]},{"@type":"Person","@id":"https:\/\/www.seescontabilidade.com.br\/blog\/#\/schema\/person\/964ba05247f5254f09bfb674cd475dc2","name":"SeeS Contabilidade Online","image":{"@type":"ImageObject","inLanguage":"pt-BR","@id":"https:\/\/www.seescontabilidade.com.br\/blog\/#\/schema\/person\/image\/","url":"https:\/\/secure.gravatar.com\/avatar\/b7c5444bf01aa3c0c8f9a5e305ea0edf?s=96&d=mm&r=g","contentUrl":"https:\/\/secure.gravatar.com\/avatar\/b7c5444bf01aa3c0c8f9a5e305ea0edf?s=96&d=mm&r=g","caption":"SeeS Contabilidade Online"},"description":"Em tudo o que realizamos, acreditamos que a contabilidade da sua empresa pode ser uma tarefa simples, segura e com custo acess\u00edvel. A forma que encontramos para que isso seja poss\u00edvel foi criando processos, otimizando recursos e focando exclusivamente em micro e pequenos prestadores de servi\u00e7os. O resultado \u00e9 uma contabilidade sob medida para voc\u00ea que t\u00eam muitas prioridades, valoriza seu tempo e dinheiro. Convidamos voc\u00ea para tamb\u00e9m fazer parte dessa hist\u00f3ria!","sameAs":["http:\/\/www.seescontabilidade.com.br"],"url":"https:\/\/www.seescontabilidade.com.br\/blog\/author\/sees\/"}]}},"_links":{"self":[{"href":"https:\/\/www.seescontabilidade.com.br\/blog\/wp-json\/wp\/v2\/posts\/592"}],"collection":[{"href":"https:\/\/www.seescontabilidade.com.br\/blog\/wp-json\/wp\/v2\/posts"}],"about":[{"href":"https:\/\/www.seescontabilidade.com.br\/blog\/wp-json\/wp\/v2\/types\/post"}],"author":[{"embeddable":true,"href":"https:\/\/www.seescontabilidade.com.br\/blog\/wp-json\/wp\/v2\/users\/1"}],"replies":[{"embeddable":true,"href":"https:\/\/www.seescontabilidade.com.br\/blog\/wp-json\/wp\/v2\/comments?post=592"}],"version-history":[{"count":1,"href":"https:\/\/www.seescontabilidade.com.br\/blog\/wp-json\/wp\/v2\/posts\/592\/revisions"}],"predecessor-version":[{"id":594,"href":"https:\/\/www.seescontabilidade.com.br\/blog\/wp-json\/wp\/v2\/posts\/592\/revisions\/594"}],"wp:featuredmedia":[{"embeddable":true,"href":"https:\/\/www.seescontabilidade.com.br\/blog\/wp-json\/wp\/v2\/media\/593"}],"wp:attachment":[{"href":"https:\/\/www.seescontabilidade.com.br\/blog\/wp-json\/wp\/v2\/media?parent=592"}],"wp:term":[{"taxonomy":"category","embeddable":true,"href":"https:\/\/www.seescontabilidade.com.br\/blog\/wp-json\/wp\/v2\/categories?post=592"},{"taxonomy":"post_tag","embeddable":true,"href":"https:\/\/www.seescontabilidade.com.br\/blog\/wp-json\/wp\/v2\/tags?post=592"}],"curies":[{"name":"wp","href":"https:\/\/api.w.org\/{rel}","templated":true}]}}