{"id":382,"date":"2021-09-15T17:08:15","date_gmt":"2021-09-15T20:08:15","guid":{"rendered":"https:\/\/www.seescontabilidade.com.br\/blog\/?p=382"},"modified":"2022-08-17T14:51:59","modified_gmt":"2022-08-17T17:51:59","slug":"vale-a-pena-sair-da-clt-para-abrir-minha-empresa-de-servicos","status":"publish","type":"post","link":"https:\/\/www.seescontabilidade.com.br\/blog\/vale-a-pena-sair-da-clt-para-abrir-minha-empresa-de-servicos\/","title":{"rendered":"Vale a pena sair da CLT para abrir minha empresa de servi\u00e7os?"},"content":{"rendered":"\n<p>Afinal, compensa mais ser <strong>CLT ou PJ<\/strong>? Essa \u00e9 uma d\u00favida muito comum entre os brasileiros que est\u00e3o indecisos sobre trocar a famosa carteira assinada por um CNPJ.<\/p>\n\n\n\n<p>Todo mundo tem um amigo ou conhecido que adora se gabar de que n\u00e3o sofre com os famosos descontos no holerite de quem trabalha no regime CLT. <strong>Mas ser\u00e1 que isso \u00e9 realmente uma vantagem de ser Pessoa Jur\u00eddica?<\/strong><\/p>\n\n\n\n<p>Antes de entrarmos de vez no assunto, saiba que <strong>\u00e9 fundamental entender um pouco sobre os dois regimes<\/strong> antes de decidir em rela\u00e7\u00e3o \u00e0 CLT ou PJ. Al\u00e9m disso, algumas quest\u00f5es pessoais tamb\u00e9m devem ser levadas em considera\u00e7\u00e3o.<\/p>\n\n\n\n<p><\/p>\n\n\n\n<figure class=\"wp-block-embed is-type-video is-provider-youtube wp-block-embed-youtube wp-embed-aspect-16-9 wp-has-aspect-ratio\"><div class=\"wp-block-embed__wrapper\">\n<iframe title=\"Vale a pena sair do regime CLT e abrir uma PJ?\" width=\"980\" height=\"551\" src=\"https:\/\/www.youtube.com\/embed\/_NXbtxNT_jU?feature=oembed\" frameborder=\"0\" allow=\"accelerometer; autoplay; clipboard-write; encrypted-media; gyroscope; picture-in-picture\" allowfullscreen><\/iframe>\n<\/div><\/figure>\n\n\n\n<h2 class=\"has-text-align-center wp-block-heading\"><span class=\"has-inline-color has-vivid-cyan-blue-color\"><a href=\"https:\/\/materiais.seescontabilidade.com.br\/ebook-abrir-empresa-sem-dor-de-cabeca\" target=\"_blank\" rel=\"noreferrer noopener\">&#8220;Aprenda agora os 5 passos para abrir a sua Empresa PJ sem burocracia&#8221;<\/a><\/span><br><\/h2>\n\n\n\n<h2 class=\"wp-block-heading\"><strong>Por que muitas empresas preferem o regime PJ ao CLT?<\/strong><\/h2>\n\n\n\n<p>Independentemente da sua prefer\u00eancia, quem dita a regra do jogo s\u00e3o as empresas. Ou seja, mesmo que voc\u00ea j\u00e1 tenha um CNPJ aberto, quem escolhe o regime de admiss\u00e3o \u00e9 o contratante.<\/p>\n\n\n\n<p>\u201cMas, afinal, por que as empresas est\u00e3o deixando de contratar por carteira assinada?\u201d Basicamente, <strong>cada funcion\u00e1rio em regime CLT pode custar at\u00e9 o dobro de seu sal\u00e1rio para a empresa.<\/strong> Por exemplo, supondo que voc\u00ea receba R$ 3 mil mensais, a empresa que te contratou ter\u00e1 um custo de aproximadamente R$ 6 mil por m\u00eas para te manter.<\/p>\n\n\n\n<p>Dessa forma, podemos dizer que o principal motivo est\u00e1 relacionado ao <strong>alto custo<\/strong> que toda institui\u00e7\u00e3o tem para manter seu quadro de funcion\u00e1rios.<\/p>\n\n\n\n<h2 class=\"wp-block-heading\"><br><strong>CLT ou PJ: entenda as diferen\u00e7as entre os regimes<\/strong><\/h2>\n\n\n\n<p>Basicamente, a principal diferen\u00e7a entre <strong><a href=\"https:\/\/www.seescontabilidade.com.br\/quanto-custa\/\" target=\"_blank\" rel=\"noreferrer noopener\">CLT ou PJ<\/a><\/strong> \u00e9 que os trabalhadores com carteira assinada t\u00eam uma s\u00e9rie de benef\u00edcios previstos por lei, o que d\u00e1 mais <strong>seguran\u00e7a e estabilidade<\/strong>. Em contrapartida, quem faz parte deste regime recebe um <strong>sal\u00e1rio menor<\/strong>, j\u00e1 que alguns descontos s\u00e3o feitos na folha de pagamento para cobrir os gastos do governo com esses direitos cedidos.<\/p>\n\n\n\n<p>O prestador de servi\u00e7os PJ atua sem v\u00ednculo empregat\u00edcio, diferentemente de uma pessoa que trabalha como CLT. Dessa maneira, <strong>todas as responsabilidades em rela\u00e7\u00e3o aos impostas ficam a cargo do pr\u00f3prio prestador de servi\u00e7os<\/strong>. Logo, o contratante tem apenas o dever de fazer o pagamento pelo trabalho prestado.<\/p>\n\n\n\n<h2 class=\"wp-block-heading\"><br><strong>Benef\u00edcios do regime CLT<\/strong><\/h2>\n\n\n\n<p>Os principais benef\u00edcios de trabalhar no regime CLT s\u00e3o justamente todos os <strong>direitos trabalhistas<\/strong> garantidos por lei. Entre eles:<\/p>\n\n\n\n<p> \u2022  Carga hor\u00e1ria de oito horas (44 semanais)<br> \u2022  Licen\u00e7a maternidade<br> \u2022  F\u00e9rias remuneradas<br> \u2022  Folgas semanais<br> \u2022  Previd\u00eancia social<br> \u2022  13\u00b0 sal\u00e1rio<br> \u2022  FGTS (Fundo de Garantia do Tempo de Servi\u00e7o)<br> \u2022  Seguro desemprego, em caso de demiss\u00e3o.<\/p>\n\n\n\n<p>Al\u00e9m de tudo isso, um<strong> ponto importante<\/strong>: devido \u00e0 burocracia em rela\u00e7\u00e3o ao in\u00edcio e desligamento de funcion\u00e1rios, muitas empresas optam por oferecer excelentes planos de carreira, a fim de capacitar e desenvolver os seus funcion\u00e1rios para que n\u00e3o haja a necessidade de demiss\u00e3o.<\/p>\n\n\n\n<h2 class=\"wp-block-heading\"><br><strong>Quais as vantagens de ser uma Pessoa Jur\u00eddica?<\/strong><\/h2>\n\n\n\n<p>Claro que o maior benef\u00edcio de ser PJ \u00e9 <strong>n\u00e3o sofrer com os descontos nos pagamentos referentes aos impostos<\/strong>. Mas, ainda assim, existem outras vantagens bem relevantes, como:<\/p>\n\n\n\n<p> \u2022  <a href=\"https:\/\/www.seescontabilidade.com.br\/abrir-pj\/\" target=\"_blank\" rel=\"noreferrer noopener\">Rotina flex\u00edvel<\/a><br> \u2022  Sal\u00e1rio maior em rela\u00e7\u00e3o \u00e0 CLT<br> \u2022  Possibilidade de oferecer diferentes formas de pagamento aos clientes<br> \u2022  Possibilidade de contratar funcion\u00e1rios<br> \u2022  Oportunidade de trabalhar para diversas empresas<br> \u2022  Escolher quais empresas e projetos quer atender<br> \u2022  Sem qualquer imposto trabalhista.<\/p>\n\n\n\n<p>Em contrapartida, \u00e9 sempre bom lembrar que <strong>toda Pessoa Jur\u00eddica paga impostos<\/strong>. Por exemplo, ao emitir nota fiscal, voc\u00ea deve pagar na maioria dos casos <strong>a partir de 6%<\/strong> do valor total do seu &#8220;sal\u00e1rio&#8221; (Como CNPJ os seus recebimentos se chamar\u00e3o faturamento) para o Governo Federal.<\/p>\n\n\n\n<p>Em rela\u00e7\u00e3o \u00e0 aposentadoria, a arrecada\u00e7\u00e3o mensal para a contribuir com a futura inatividade de um prestador de servi\u00e7os deve ser feita por meio de institui\u00e7\u00f5es p\u00fablicas ou privadas.<\/p>\n\n\n\n<h2 class=\"wp-block-heading\"><br><strong>Afinal, vale a pena deixar de ser CLT para ser PJ?<\/strong><\/h2>\n\n\n\n<p>A resposta \u00e9: <strong>depende<\/strong>! Isso porque n\u00e3o h\u00e1 uma conta espec\u00edfica para calcular se vale a pena ou n\u00e3o trocar o regime CLT pelo PJ. O ideal \u00e9 colocar na balan\u00e7a todos os seus gastos, como alimenta\u00e7\u00e3o, transporte, aposentadoria, impostos, entre outros, para ter certeza da decis\u00e3o. Mas, al\u00e9m de tudo isso, uma autoavalia\u00e7\u00e3o para entender se a sua proposta profissional se encaixa ao regime tamb\u00e9m \u00e9 fundamental!<\/p>\n\n\n\n<p>Vale destacar que uma Pessoa Jur\u00eddica at\u00e9 pode ter um sal\u00e1rio maior em rela\u00e7\u00e3o ao CLT, mas ela ter\u00e1 que pagar por todos esses benef\u00edcios do seu pr\u00f3prio bolso.<\/p>\n\n\n\n<p>\u201c<strong>Ent\u00e3o, ser PJ n\u00e3o \u00e9 t\u00e3o vantajoso assim?<\/strong>\u201d Tamb\u00e9m depende! Uma pessoa com um bom planejamento financeiro pode se dar muito bem com esse regime. Isso pois, com o sal\u00e1rio mais alto, \u00e9 poss\u00edvel poupar e investir parte dos lucros para alcan\u00e7ar uma boa estabilidade no futuro.<\/p>\n\n\n\n<p class=\"has-text-align-center has-text-color\" style=\"color:#03adfb;font-size:22px\">Aprenda de maneira f\u00e1cil a abrir sua empresa PJ em 5 passos clicando no Bot\u00e3o Verde \u201cBaixar Agora\u201d. <\/p>\n\n\n\n<p class=\"has-text-align-center\" style=\"font-size:22px\"><a href=\"https:\/\/materiais.seescontabilidade.com.br\/ebook-abrir-empresa-sem-dor-de-cabeca\" target=\"_blank\" rel=\"noreferrer noopener\">Dispon\u00edvel apenas para as pessoas que baixarem este E-book.&#8221;<\/a><\/p>\n\n\n\n<figure class=\"wp-block-image size-full is-style-default\"><a href=\"https:\/\/materiais.seescontabilidade.com.br\/ebook-abrir-empresa-sem-dor-de-cabeca\" target=\"_blank\" rel=\"noopener\"><img decoding=\"async\" width=\"1000\" height=\"400\" src=\"https:\/\/www.seescontabilidade.com.br\/blog\/wp-content\/uploads\/2021\/09\/Banner.png\" alt=\"\" class=\"wp-image-383\" srcset=\"https:\/\/www.seescontabilidade.com.br\/blog\/wp-content\/uploads\/2021\/09\/Banner.png 1000w, https:\/\/www.seescontabilidade.com.br\/blog\/wp-content\/uploads\/2021\/09\/Banner-300x120.png 300w, https:\/\/www.seescontabilidade.com.br\/blog\/wp-content\/uploads\/2021\/09\/Banner-768x307.png 768w\" sizes=\"(max-width: 1000px) 100vw, 1000px\" \/><\/a><\/figure>\n\n\n\n<p>Ficou com alguma d\u00favida ou precisa entrar em contato com a gente? <a href=\"https:\/\/api.whatsapp.com\/send?phone=5547996575851&amp;text=Ol%C3%A1%2C%20li%20o%20artigo%20%22Vale%20a%20pena%20sair%20da%20CLT%20para%20abrir%20minha%20empresa%20de%20servi%C3%A7os%3F%22%20e%20gostaria%20de%20mais%20informa%C3%A7%C3%B5es.\" target=\"_blank\" rel=\"noreferrer noopener\"><strong>Clique aqui e nos envie uma mensagem no whatsapp<\/strong><\/a>, ficaremos felizes em te atender!<\/p>\n","protected":false},"excerpt":{"rendered":"<p>Afinal, compensa mais ser CLT ou PJ? Essa \u00e9 uma d\u00favida muito comum entre os brasileiros que est\u00e3o indecisos sobre abrir ou n\u00e3o uma empresa.<\/p>\n","protected":false},"author":1,"featured_media":385,"comment_status":"open","ping_status":"open","sticky":false,"template":"","format":"standard","meta":{"_acf_changed":false,"footnotes":""},"categories":[6,1,2],"tags":[16,18,20,21,13,19,17],"acf":[],"yoast_head":"<!-- This site is optimized with the Yoast SEO plugin v22.1 - https:\/\/yoast.com\/wordpress\/plugins\/seo\/ -->\n<title>Vale a pena sair da CLT para abrir minha empresa de servi\u00e7os?<\/title>\n<meta name=\"description\" content=\"Afinal, compensa mais ser CLT ou PJ? Essa \u00e9 uma d\u00favida muito comum entre os brasileiros que est\u00e3o indecisos sobre abrir ou n\u00e3o uma empresa.\" \/>\n<meta name=\"robots\" content=\"index, follow, max-snippet:-1, max-image-preview:large, max-video-preview:-1\" \/>\n<link rel=\"canonical\" href=\"https:\/\/www.seescontabilidade.com.br\/blog\/vale-a-pena-sair-da-clt-para-abrir-minha-empresa-de-servicos\/\" \/>\n<meta property=\"og:locale\" content=\"pt_BR\" \/>\n<meta property=\"og:type\" content=\"article\" \/>\n<meta property=\"og:title\" content=\"Vale a pena sair da CLT para abrir minha empresa de servi\u00e7os?\" \/>\n<meta property=\"og:description\" content=\"Afinal, compensa mais ser CLT ou PJ? Essa \u00e9 uma d\u00favida muito comum entre os brasileiros que est\u00e3o indecisos sobre abrir ou n\u00e3o uma empresa.\" \/>\n<meta property=\"og:url\" content=\"https:\/\/www.seescontabilidade.com.br\/blog\/vale-a-pena-sair-da-clt-para-abrir-minha-empresa-de-servicos\/\" \/>\n<meta property=\"og:site_name\" content=\"SeeS Contabilidade Online\" \/>\n<meta property=\"article:publisher\" content=\"https:\/\/www.facebook.com\/seescontabilidade\/\" \/>\n<meta property=\"article:published_time\" content=\"2021-09-15T20:08:15+00:00\" \/>\n<meta property=\"article:modified_time\" content=\"2022-08-17T17:51:59+00:00\" \/>\n<meta property=\"og:image\" content=\"https:\/\/www.seescontabilidade.com.br\/blog\/wp-content\/uploads\/2021\/09\/Capa.png\" \/>\n\t<meta property=\"og:image:width\" content=\"750\" \/>\n\t<meta property=\"og:image:height\" content=\"410\" \/>\n\t<meta property=\"og:image:type\" content=\"image\/png\" \/>\n<meta name=\"author\" content=\"SeeS Contabilidade Online\" \/>\n<meta name=\"twitter:card\" content=\"summary_large_image\" \/>\n<meta name=\"twitter:creator\" content=\"@seescontabil\" \/>\n<meta name=\"twitter:site\" content=\"@seescontabil\" \/>\n<meta name=\"twitter:label1\" content=\"Escrito por\" \/>\n\t<meta name=\"twitter:data1\" content=\"SeeS Contabilidade Online\" \/>\n\t<meta name=\"twitter:label2\" content=\"Est. tempo de leitura\" \/>\n\t<meta name=\"twitter:data2\" content=\"4 minutos\" \/>\n<script type=\"application\/ld+json\" class=\"yoast-schema-graph\">{\"@context\":\"https:\/\/schema.org\",\"@graph\":[{\"@type\":\"Article\",\"@id\":\"https:\/\/www.seescontabilidade.com.br\/blog\/vale-a-pena-sair-da-clt-para-abrir-minha-empresa-de-servicos\/#article\",\"isPartOf\":{\"@id\":\"https:\/\/www.seescontabilidade.com.br\/blog\/vale-a-pena-sair-da-clt-para-abrir-minha-empresa-de-servicos\/\"},\"author\":{\"name\":\"SeeS Contabilidade Online\",\"@id\":\"https:\/\/www.seescontabilidade.com.br\/blog\/#\/schema\/person\/964ba05247f5254f09bfb674cd475dc2\"},\"headline\":\"Vale a pena sair da CLT para abrir minha empresa de servi\u00e7os?\",\"datePublished\":\"2021-09-15T20:08:15+00:00\",\"dateModified\":\"2022-08-17T17:51:59+00:00\",\"mainEntityOfPage\":{\"@id\":\"https:\/\/www.seescontabilidade.com.br\/blog\/vale-a-pena-sair-da-clt-para-abrir-minha-empresa-de-servicos\/\"},\"wordCount\":899,\"commentCount\":2,\"publisher\":{\"@id\":\"https:\/\/www.seescontabilidade.com.br\/blog\/#organization\"},\"keywords\":[\"abrir empresa\",\"abrir pj\",\"clt\",\"empreendedor\",\"pj\",\"proprio negocio\",\"sair da clt\"],\"articleSection\":[\"Abertura de empresa\",\"Contabilidade\",\"Empreendedorismo\"],\"inLanguage\":\"pt-BR\",\"potentialAction\":[{\"@type\":\"CommentAction\",\"name\":\"Comment\",\"target\":[\"https:\/\/www.seescontabilidade.com.br\/blog\/vale-a-pena-sair-da-clt-para-abrir-minha-empresa-de-servicos\/#respond\"]}]},{\"@type\":\"WebPage\",\"@id\":\"https:\/\/www.seescontabilidade.com.br\/blog\/vale-a-pena-sair-da-clt-para-abrir-minha-empresa-de-servicos\/\",\"url\":\"https:\/\/www.seescontabilidade.com.br\/blog\/vale-a-pena-sair-da-clt-para-abrir-minha-empresa-de-servicos\/\",\"name\":\"Vale a pena sair da CLT para abrir minha empresa de servi\u00e7os?\",\"isPartOf\":{\"@id\":\"https:\/\/www.seescontabilidade.com.br\/blog\/#website\"},\"datePublished\":\"2021-09-15T20:08:15+00:00\",\"dateModified\":\"2022-08-17T17:51:59+00:00\",\"description\":\"Afinal, compensa mais ser CLT ou PJ? Essa \u00e9 uma d\u00favida muito comum entre os brasileiros que est\u00e3o indecisos sobre abrir ou n\u00e3o uma empresa.\",\"breadcrumb\":{\"@id\":\"https:\/\/www.seescontabilidade.com.br\/blog\/vale-a-pena-sair-da-clt-para-abrir-minha-empresa-de-servicos\/#breadcrumb\"},\"inLanguage\":\"pt-BR\",\"potentialAction\":[{\"@type\":\"ReadAction\",\"target\":[\"https:\/\/www.seescontabilidade.com.br\/blog\/vale-a-pena-sair-da-clt-para-abrir-minha-empresa-de-servicos\/\"]}]},{\"@type\":\"BreadcrumbList\",\"@id\":\"https:\/\/www.seescontabilidade.com.br\/blog\/vale-a-pena-sair-da-clt-para-abrir-minha-empresa-de-servicos\/#breadcrumb\",\"itemListElement\":[{\"@type\":\"ListItem\",\"position\":1,\"name\":\"In\u00edcio\",\"item\":\"https:\/\/www.seescontabilidade.com.br\/blog\/\"},{\"@type\":\"ListItem\",\"position\":2,\"name\":\"Vale a pena sair da CLT para abrir minha empresa de servi\u00e7os?\"}]},{\"@type\":\"WebSite\",\"@id\":\"https:\/\/www.seescontabilidade.com.br\/blog\/#website\",\"url\":\"https:\/\/www.seescontabilidade.com.br\/blog\/\",\"name\":\"SeeS Contabilidade Online\",\"description\":\"Sob medida para prestadores de servi\u00e7os\",\"publisher\":{\"@id\":\"https:\/\/www.seescontabilidade.com.br\/blog\/#organization\"},\"potentialAction\":[{\"@type\":\"SearchAction\",\"target\":{\"@type\":\"EntryPoint\",\"urlTemplate\":\"https:\/\/www.seescontabilidade.com.br\/blog\/?s={search_term_string}\"},\"query-input\":\"required name=search_term_string\"}],\"inLanguage\":\"pt-BR\"},{\"@type\":\"Organization\",\"@id\":\"https:\/\/www.seescontabilidade.com.br\/blog\/#organization\",\"name\":\"SeeS Contabilidade\",\"url\":\"https:\/\/www.seescontabilidade.com.br\/blog\/\",\"logo\":{\"@type\":\"ImageObject\",\"inLanguage\":\"pt-BR\",\"@id\":\"https:\/\/www.seescontabilidade.com.br\/blog\/#\/schema\/logo\/image\/\",\"url\":\"https:\/\/www.seescontabilidade.com.br\/blog\/wp-content\/uploads\/2021\/08\/logo-login.png\",\"contentUrl\":\"https:\/\/www.seescontabilidade.com.br\/blog\/wp-content\/uploads\/2021\/08\/logo-login.png\",\"width\":139,\"height\":66,\"caption\":\"SeeS Contabilidade\"},\"image\":{\"@id\":\"https:\/\/www.seescontabilidade.com.br\/blog\/#\/schema\/logo\/image\/\"},\"sameAs\":[\"https:\/\/www.facebook.com\/seescontabilidade\/\",\"https:\/\/twitter.com\/seescontabil\",\"https:\/\/www.instagram.com\/seescontabilidade\/\"]},{\"@type\":\"Person\",\"@id\":\"https:\/\/www.seescontabilidade.com.br\/blog\/#\/schema\/person\/964ba05247f5254f09bfb674cd475dc2\",\"name\":\"SeeS Contabilidade Online\",\"image\":{\"@type\":\"ImageObject\",\"inLanguage\":\"pt-BR\",\"@id\":\"https:\/\/www.seescontabilidade.com.br\/blog\/#\/schema\/person\/image\/\",\"url\":\"https:\/\/secure.gravatar.com\/avatar\/b7c5444bf01aa3c0c8f9a5e305ea0edf?s=96&d=mm&r=g\",\"contentUrl\":\"https:\/\/secure.gravatar.com\/avatar\/b7c5444bf01aa3c0c8f9a5e305ea0edf?s=96&d=mm&r=g\",\"caption\":\"SeeS Contabilidade Online\"},\"description\":\"Em tudo o que realizamos, acreditamos que a contabilidade da sua empresa pode ser uma tarefa simples, segura e com custo acess\u00edvel. A forma que encontramos para que isso seja poss\u00edvel foi criando processos, otimizando recursos e focando exclusivamente em micro e pequenos prestadores de servi\u00e7os. O resultado \u00e9 uma contabilidade sob medida para voc\u00ea que t\u00eam muitas prioridades, valoriza seu tempo e dinheiro. Convidamos voc\u00ea para tamb\u00e9m fazer parte dessa hist\u00f3ria!\",\"sameAs\":[\"http:\/\/www.seescontabilidade.com.br\"],\"url\":\"https:\/\/www.seescontabilidade.com.br\/blog\/author\/sees\/\"}]}<\/script>\n<!-- \/ Yoast SEO plugin. -->","yoast_head_json":{"title":"Vale a pena sair da CLT para abrir minha empresa de servi\u00e7os?","description":"Afinal, compensa mais ser CLT ou PJ? Essa \u00e9 uma d\u00favida muito comum entre os brasileiros que est\u00e3o indecisos sobre abrir ou n\u00e3o uma empresa.","robots":{"index":"index","follow":"follow","max-snippet":"max-snippet:-1","max-image-preview":"max-image-preview:large","max-video-preview":"max-video-preview:-1"},"canonical":"https:\/\/www.seescontabilidade.com.br\/blog\/vale-a-pena-sair-da-clt-para-abrir-minha-empresa-de-servicos\/","og_locale":"pt_BR","og_type":"article","og_title":"Vale a pena sair da CLT para abrir minha empresa de servi\u00e7os?","og_description":"Afinal, compensa mais ser CLT ou PJ? Essa \u00e9 uma d\u00favida muito comum entre os brasileiros que est\u00e3o indecisos sobre abrir ou n\u00e3o uma empresa.","og_url":"https:\/\/www.seescontabilidade.com.br\/blog\/vale-a-pena-sair-da-clt-para-abrir-minha-empresa-de-servicos\/","og_site_name":"SeeS Contabilidade Online","article_publisher":"https:\/\/www.facebook.com\/seescontabilidade\/","article_published_time":"2021-09-15T20:08:15+00:00","article_modified_time":"2022-08-17T17:51:59+00:00","og_image":[{"width":750,"height":410,"url":"https:\/\/www.seescontabilidade.com.br\/blog\/wp-content\/uploads\/2021\/09\/Capa.png","type":"image\/png"}],"author":"SeeS Contabilidade Online","twitter_card":"summary_large_image","twitter_creator":"@seescontabil","twitter_site":"@seescontabil","twitter_misc":{"Escrito por":"SeeS Contabilidade Online","Est. tempo de leitura":"4 minutos"},"schema":{"@context":"https:\/\/schema.org","@graph":[{"@type":"Article","@id":"https:\/\/www.seescontabilidade.com.br\/blog\/vale-a-pena-sair-da-clt-para-abrir-minha-empresa-de-servicos\/#article","isPartOf":{"@id":"https:\/\/www.seescontabilidade.com.br\/blog\/vale-a-pena-sair-da-clt-para-abrir-minha-empresa-de-servicos\/"},"author":{"name":"SeeS Contabilidade Online","@id":"https:\/\/www.seescontabilidade.com.br\/blog\/#\/schema\/person\/964ba05247f5254f09bfb674cd475dc2"},"headline":"Vale a pena sair da CLT para abrir minha empresa de servi\u00e7os?","datePublished":"2021-09-15T20:08:15+00:00","dateModified":"2022-08-17T17:51:59+00:00","mainEntityOfPage":{"@id":"https:\/\/www.seescontabilidade.com.br\/blog\/vale-a-pena-sair-da-clt-para-abrir-minha-empresa-de-servicos\/"},"wordCount":899,"commentCount":2,"publisher":{"@id":"https:\/\/www.seescontabilidade.com.br\/blog\/#organization"},"keywords":["abrir empresa","abrir pj","clt","empreendedor","pj","proprio negocio","sair da clt"],"articleSection":["Abertura de empresa","Contabilidade","Empreendedorismo"],"inLanguage":"pt-BR","potentialAction":[{"@type":"CommentAction","name":"Comment","target":["https:\/\/www.seescontabilidade.com.br\/blog\/vale-a-pena-sair-da-clt-para-abrir-minha-empresa-de-servicos\/#respond"]}]},{"@type":"WebPage","@id":"https:\/\/www.seescontabilidade.com.br\/blog\/vale-a-pena-sair-da-clt-para-abrir-minha-empresa-de-servicos\/","url":"https:\/\/www.seescontabilidade.com.br\/blog\/vale-a-pena-sair-da-clt-para-abrir-minha-empresa-de-servicos\/","name":"Vale a pena sair da CLT para abrir minha empresa de servi\u00e7os?","isPartOf":{"@id":"https:\/\/www.seescontabilidade.com.br\/blog\/#website"},"datePublished":"2021-09-15T20:08:15+00:00","dateModified":"2022-08-17T17:51:59+00:00","description":"Afinal, compensa mais ser CLT ou PJ? Essa \u00e9 uma d\u00favida muito comum entre os brasileiros que est\u00e3o indecisos sobre abrir ou n\u00e3o uma empresa.","breadcrumb":{"@id":"https:\/\/www.seescontabilidade.com.br\/blog\/vale-a-pena-sair-da-clt-para-abrir-minha-empresa-de-servicos\/#breadcrumb"},"inLanguage":"pt-BR","potentialAction":[{"@type":"ReadAction","target":["https:\/\/www.seescontabilidade.com.br\/blog\/vale-a-pena-sair-da-clt-para-abrir-minha-empresa-de-servicos\/"]}]},{"@type":"BreadcrumbList","@id":"https:\/\/www.seescontabilidade.com.br\/blog\/vale-a-pena-sair-da-clt-para-abrir-minha-empresa-de-servicos\/#breadcrumb","itemListElement":[{"@type":"ListItem","position":1,"name":"In\u00edcio","item":"https:\/\/www.seescontabilidade.com.br\/blog\/"},{"@type":"ListItem","position":2,"name":"Vale a pena sair da CLT para abrir minha empresa de servi\u00e7os?"}]},{"@type":"WebSite","@id":"https:\/\/www.seescontabilidade.com.br\/blog\/#website","url":"https:\/\/www.seescontabilidade.com.br\/blog\/","name":"SeeS Contabilidade Online","description":"Sob medida para prestadores de servi\u00e7os","publisher":{"@id":"https:\/\/www.seescontabilidade.com.br\/blog\/#organization"},"potentialAction":[{"@type":"SearchAction","target":{"@type":"EntryPoint","urlTemplate":"https:\/\/www.seescontabilidade.com.br\/blog\/?s={search_term_string}"},"query-input":"required name=search_term_string"}],"inLanguage":"pt-BR"},{"@type":"Organization","@id":"https:\/\/www.seescontabilidade.com.br\/blog\/#organization","name":"SeeS Contabilidade","url":"https:\/\/www.seescontabilidade.com.br\/blog\/","logo":{"@type":"ImageObject","inLanguage":"pt-BR","@id":"https:\/\/www.seescontabilidade.com.br\/blog\/#\/schema\/logo\/image\/","url":"https:\/\/www.seescontabilidade.com.br\/blog\/wp-content\/uploads\/2021\/08\/logo-login.png","contentUrl":"https:\/\/www.seescontabilidade.com.br\/blog\/wp-content\/uploads\/2021\/08\/logo-login.png","width":139,"height":66,"caption":"SeeS Contabilidade"},"image":{"@id":"https:\/\/www.seescontabilidade.com.br\/blog\/#\/schema\/logo\/image\/"},"sameAs":["https:\/\/www.facebook.com\/seescontabilidade\/","https:\/\/twitter.com\/seescontabil","https:\/\/www.instagram.com\/seescontabilidade\/"]},{"@type":"Person","@id":"https:\/\/www.seescontabilidade.com.br\/blog\/#\/schema\/person\/964ba05247f5254f09bfb674cd475dc2","name":"SeeS Contabilidade Online","image":{"@type":"ImageObject","inLanguage":"pt-BR","@id":"https:\/\/www.seescontabilidade.com.br\/blog\/#\/schema\/person\/image\/","url":"https:\/\/secure.gravatar.com\/avatar\/b7c5444bf01aa3c0c8f9a5e305ea0edf?s=96&d=mm&r=g","contentUrl":"https:\/\/secure.gravatar.com\/avatar\/b7c5444bf01aa3c0c8f9a5e305ea0edf?s=96&d=mm&r=g","caption":"SeeS Contabilidade Online"},"description":"Em tudo o que realizamos, acreditamos que a contabilidade da sua empresa pode ser uma tarefa simples, segura e com custo acess\u00edvel. A forma que encontramos para que isso seja poss\u00edvel foi criando processos, otimizando recursos e focando exclusivamente em micro e pequenos prestadores de servi\u00e7os. O resultado \u00e9 uma contabilidade sob medida para voc\u00ea que t\u00eam muitas prioridades, valoriza seu tempo e dinheiro. Convidamos voc\u00ea para tamb\u00e9m fazer parte dessa hist\u00f3ria!","sameAs":["http:\/\/www.seescontabilidade.com.br"],"url":"https:\/\/www.seescontabilidade.com.br\/blog\/author\/sees\/"}]}},"_links":{"self":[{"href":"https:\/\/www.seescontabilidade.com.br\/blog\/wp-json\/wp\/v2\/posts\/382"}],"collection":[{"href":"https:\/\/www.seescontabilidade.com.br\/blog\/wp-json\/wp\/v2\/posts"}],"about":[{"href":"https:\/\/www.seescontabilidade.com.br\/blog\/wp-json\/wp\/v2\/types\/post"}],"author":[{"embeddable":true,"href":"https:\/\/www.seescontabilidade.com.br\/blog\/wp-json\/wp\/v2\/users\/1"}],"replies":[{"embeddable":true,"href":"https:\/\/www.seescontabilidade.com.br\/blog\/wp-json\/wp\/v2\/comments?post=382"}],"version-history":[{"count":17,"href":"https:\/\/www.seescontabilidade.com.br\/blog\/wp-json\/wp\/v2\/posts\/382\/revisions"}],"predecessor-version":[{"id":429,"href":"https:\/\/www.seescontabilidade.com.br\/blog\/wp-json\/wp\/v2\/posts\/382\/revisions\/429"}],"wp:featuredmedia":[{"embeddable":true,"href":"https:\/\/www.seescontabilidade.com.br\/blog\/wp-json\/wp\/v2\/media\/385"}],"wp:attachment":[{"href":"https:\/\/www.seescontabilidade.com.br\/blog\/wp-json\/wp\/v2\/media?parent=382"}],"wp:term":[{"taxonomy":"category","embeddable":true,"href":"https:\/\/www.seescontabilidade.com.br\/blog\/wp-json\/wp\/v2\/categories?post=382"},{"taxonomy":"post_tag","embeddable":true,"href":"https:\/\/www.seescontabilidade.com.br\/blog\/wp-json\/wp\/v2\/tags?post=382"}],"curies":[{"name":"wp","href":"https:\/\/api.w.org\/{rel}","templated":true}]}}